{"id":998,"date":"2021-07-02T20:29:11","date_gmt":"2021-07-02T18:29:11","guid":{"rendered":"https:\/\/spd-toenisvorst.de\/?p=998"},"modified":"2021-07-02T20:29:11","modified_gmt":"2021-07-02T18:29:11","slug":"campus-toenisvorst","status":"publish","type":"post","link":"https:\/\/spd-toenisvorst.de\/index.php\/2021\/07\/02\/campus-toenisvorst\/","title":{"rendered":"Campus T\u00f6nisvorst"},"content":{"rendered":"\n<p>\u275c\ud835\uddd6\ud835\uddee\ud835\uddfa\ud835\uddfd\ud835\ude02\ud835\ude00 \ud835\udde7\ud835\uddfc\u0308\ud835\uddfb\ud835\uddf6\ud835\ude00\ud835\ude03\ud835\uddfc\ud835\uddff\ud835\ude00\ud835\ude01\u275c \ud835\ude02\ud835\uddfb\ud835\uddf1 \ud835\uddde\ud835\uddf9\ud835\uddf6\ud835\uddfa\ud835\uddee\ud835\ude00\ud835\uddf6\ud835\uddf2\ud835\uddf1\ud835\uddf9\ud835\ude02\ud835\uddfb\ud835\uddf4\ud835\uddf2\ud835\uddfb \ud835\uddee\ud835\uddfb \ud835\uddd4\ud835\uddf9\ud835\ude01\ud835\ude00\ud835\ude01\ud835\uddee\ud835\uddfb\ud835\uddf1\ud835\uddfc\ud835\uddff\ud835\ude01\ud835\uddf2\ud835\uddfb<\/p>\n\n\n\n<p>H\u00f6ren Sie uns bitte zu, schalten Sie Ihre iPads in Flugmodus und schnallen Sie sich an\u201c, sagte Beigeordnete Nicole Wa\u00dfen mit einem kleinen Augenzwinkern unter Anspielung auf die Situation kurz vor dem \u201eTake-Off\u201c im Flugzeug. Dann begann die Pr\u00e4sentation zum \u201eCampus T\u00f6nisvorst\u201c im Stadtrat \u2013 ausgearbeitet von einem Team aus Geb\u00e4udemanagement, Stadtplanung und Finanzen.<\/p>\n\n\n\n<p>\ud835\uddd7\ud835\uddf6\ud835\uddf2 \ud835\uddde\ud835\ude02\ud835\uddff\ud835\ude07\ud835\uddf3\ud835\uddfc\ud835\uddff\ud835\uddfa <\/p>\n\n\n\n<p>Zwei Klimasiedlungen, ein Klimaquartier und ein Klimahaus f\u00fcr T\u00f6nisvorst. Darin enthalten altengerechte Wohnungen, freier wie gef\u00f6rderter Wohnungsbau, naturnahe Gr\u00fcnfl\u00e4chen, Co-Working Spaces, eMobilt\u00e4t. Solches lie\u00dfe sich auf den Altstandorten von Schule und Verwaltung errichten. Und wo kommen die Schule und Verwaltung hin? Die werden gemeinsam mit einem Forum \u2013 z.B. f\u00fcr kulturelle wie B\u00fcrgerveranstaltungen &#8211; innerhalb eines regionalen Gr\u00fcnzuges platziert:Im Norden des Gr\u00fcnzuges ein weitl\u00e4ufiger Bongert mit Biotopen, in den bereits bestehende Kleingartenanlagen sowie landwirtschaftliche Obstplantagen eingebettet werden. Im S\u00fcden der Landschaftspark am Wasserturm \u2013 das heutige Freizeitgel\u00e4nde. \u201eDer Campus selbst ist offen sowie frei zug\u00e4nglich und mit Wegef\u00fchrungen und Verkn\u00fcpfung in die anderen Stadtteile verbunden \u2013 alles zu Fu\u00df oder aber per Rad erreichbar\u201c, so Fachbereichsleiter J\u00f6rg Firedenberg.Dazu geh\u00f6rt auch der Ausbau des Radweges Schluff mit Beleuchtung und glatter Bodenoberfl\u00e4che als Ost-West-Achse. Das sind grob skizziert m\u00f6gliche Planungen. \u201eSie hatten uns den Auftrag gegeben, zu pr\u00fcfen, ob man \u201eAm Wasserturm\u201c &#8211; zus\u00e4tzlich zu dem beschlossenen Verwaltungsgeb\u00e4ude \u2013 auch eine neue Schule errichten k\u00f6nnte. Nach anf\u00e4nglicher Skepsis hat uns der Ehrgeiz gepackt. Wir dachten: Wenn wir so etwas machen, dann muss f\u00fcr T\u00f6nisvorst mehr dabei herauskommen. Etwas Zukunftsweisendes, was die gesamte Stadt voranbringt\u201c, erl\u00e4uterte Beigeordnete Nicole Wa\u00dfen im Stadtrat. <\/p>\n\n\n\n<p>\ud835\uddd9\ud835\uddf9\ud835\uddf2\ud835\ude05\ud835\uddf6\ud835\uddef\ud835\uddf9\ud835\uddf2 \ud835\udddf\ud835\uddf2\ud835\uddff\ud835\uddfb\ud835\uddff\ud835\uddee\u0308\ud835\ude02\ud835\uddfa\ud835\uddf2 \ud835\uddfb\ud835\uddee\ud835\uddf0\ud835\uddf5 \ud835\udde0\ud835\ude02\u0308\ud835\uddfb\ud835\uddf0\ud835\uddf5\ud835\uddf2\ud835\uddfb\ud835\uddf2\ud835\uddff \ud835\udde0\ud835\uddfc\ud835\uddf1\ud835\uddf2\ud835\uddf9\ud835\uddf9<\/p>\n\n\n\n<p>Und so soll &#8211; passend zu den zukunftsweisenden Klimasiedlungen &#8211; die Schule in Form des M\u00fcnchener Modells errichtet werden: Flexible Lernr\u00e4ume in verschiedenen Lernh\u00e4usern statt Frontalunterricht \u2013 mit offenen Sichtachsen, Differenzierungsr\u00e4umen und barrierefrei \u2013 so Tobias Janseps, Abteilungsleiter Geb\u00e4udemanagement in der Kurzform. Dazu kommt: ein Geb\u00e4ude mit optimierten CO2-Fu\u00dfabdruck sowohl beim Betrieb als auch beim Bau. Selbst beim Abriss entst\u00fcnden wiederverwertbare Materialien. \u201eDie Geb\u00e4ude sind zudem so konzipiert, dass man die Grundrisse der R\u00e4ume neu setzen kann, so dass die Immobilien \u2013 anders als bisherige Spezialimmobilien &#8211; auch f\u00fcr andere Nutzungen offen st\u00fcnden\u201c, so B\u00fcrgermeister Uwe Leuchtenberg, der dem Team ausdr\u00fccklich f\u00fcr die aufwendige Arbeit und das gro\u00dfe Engagement bei diesem Projektentwurf dankte.<\/p>\n\n\n\n<p>\ud835\udde8\ud835\uddfb\ud835\uddf1 \ud835\uddf1\ud835\uddf6\ud835\uddf2 \ud835\uddd9\ud835\uddf6\ud835\uddfb\ud835\uddee\ud835\uddfb\ud835\ude07\ud835\uddf6\ud835\uddf2\ud835\uddff\ud835\ude02\ud835\uddfb\ud835\uddf4 <\/p>\n\n\n\n<p>Aktuell haben die KfW (Kreditanstalt f\u00fcr Wiederaufbau) und BAFA (Bundesamt f\u00fcr Wirtschaft und Ausfuhrkontrolle) neue F\u00f6rderprogramme mit bis zu 45 Prozent F\u00f6rdersumme aufgelegt. Mit \u00f6ffentlichen F\u00f6rderungen, bereits zur\u00fcckgestelltem Geld f\u00fcr bisherige Planungen und dem Verkauf der Altstandorte w\u00e4ren bei der Gesamtsumme von rund 140 Millionen Euro f\u00fcr Schule wie Verwaltungsneubau rund 71 Mio Euro seitens der Stadt zu stemmen. \u201eWenn man bauen m\u00f6chte, dann jetzt, wo die Kredite extrem niedrig sind\u201c, so Wernher Blomenkamp, Leiter der Abteilung Finanzen.\ud835\uddd9\ud835\uddee\ud835\ude07\ud835\uddf6\ud835\ude01<img loading=\"lazy\" decoding=\"async\" height=\"16\" width=\"16\" alt=\"\u2753\" src=\"https:\/\/www.facebook.com\/images\/emoji.php\/v9\/t4e\/3\/16\/2753.png\">Gedeckt mit diesem Konzept w\u00e4re der Bedarf nach einer Zentralisierung der Verwaltung. Es w\u00e4re zugleich die M\u00f6glichkeit, die notwendige Digitalisierung aller Geb\u00e4ude sowie Barrierefreiheit zu realisieren &#8211; und f\u00fcr Stadtkulturbund und B\u00fcrger*innen ein neues Forum zu schaffen. Zeitgleich w\u00fcrden an den Altstandorten f\u00fcr den Klimawandel angepasster wie klimaschonender Wohnraum geschaffen. \u201eUnd das eben auch in Form gef\u00f6rderten Wohnraumes und f\u00fcr alle Altersgruppen\u201c, so B\u00fcrgermeister Leuchtenberg.<\/p>\n\n\n\n<p>\ud835\uddd7\ud835\uddf6\ud835\uddf2 \ud835\uddd5\ud835\uddf2\ud835\ude00\ud835\uddf0\ud835\uddf5\ud835\uddf9\ud835\ude02\u0308\ud835\ude00\ud835\ude00\ud835\uddf2<\/p>\n\n\n\n<p>Bis zum Ende der Sommerferien hat die Verwaltung jetzt den Auftrag, nach diesem Konzept entscheidungsreife Unterlagen der Politik beizubringen \u2013 mit Blick auf die Grundst\u00fccksverhandlungen, mit Blick auf Gespr\u00e4che mit der Bezirksregierung und den Kreditanstalten. Zugleich sollen die Verwaltung entscheiden, ob man nicht Fachaussch\u00fcsse gemeinsam tagen l\u00e4sst \u2013 um das Ganze jetzt z\u00fcgig voran zu bringen.<\/p>\n","protected":false},"excerpt":{"rendered":"<p>\u275c\ud835\uddd6\ud835\uddee\ud835\uddfa\ud835\uddfd\ud835\ude02\ud835\ude00 \ud835\udde7\ud835\uddfc\u0308\ud835\uddfb\ud835\uddf6\ud835\ude00\ud835\ude03\ud835\uddfc\ud835\uddff\ud835\ude00\ud835\ude01\u275c \ud835\ude02\ud835\uddfb\ud835\uddf1 \ud835\uddde\ud835\uddf9\ud835\uddf6\ud835\uddfa\ud835\uddee\ud835\ude00\ud835\uddf6\ud835\uddf2\ud835\uddf1\ud835\uddf9\ud835\ude02\ud835\uddfb\ud835\uddf4\ud835\uddf2\ud835\uddfb \ud835\uddee\ud835\uddfb \ud835\uddd4\ud835\uddf9\ud835\ude01\ud835\ude00\ud835\ude01\ud835\uddee\ud835\uddfb\ud835\uddf1\ud835\uddfc\ud835\uddff\ud835\ude01\ud835\uddf2\ud835\uddfb H\u00f6ren Sie uns bitte zu, schalten Sie Ihre iPads in Flugmodus und schnallen Sie[&#8230;]<\/p>\n","protected":false},"author":4,"featured_media":999,"comment_status":"closed","ping_status":"closed","sticky":false,"template":"","format":"standard","meta":{"footnotes":""},"categories":[3,5],"tags":[],"class_list":["post-998","post","type-post","status-publish","format-standard","has-post-thumbnail","hentry","category-aktuelles","category-presse"],"_links":{"self":[{"href":"https:\/\/spd-toenisvorst.de\/index.php\/wp-json\/wp\/v2\/posts\/998","targetHints":{"allow":["GET"]}}],"collection":[{"href":"https:\/\/spd-toenisvorst.de\/index.php\/wp-json\/wp\/v2\/posts"}],"about":[{"href":"https:\/\/spd-toenisvorst.de\/index.php\/wp-json\/wp\/v2\/types\/post"}],"author":[{"embeddable":true,"href":"https:\/\/spd-toenisvorst.de\/index.php\/wp-json\/wp\/v2\/users\/4"}],"replies":[{"embeddable":true,"href":"https:\/\/spd-toenisvorst.de\/index.php\/wp-json\/wp\/v2\/comments?post=998"}],"version-history":[{"count":1,"href":"https:\/\/spd-toenisvorst.de\/index.php\/wp-json\/wp\/v2\/posts\/998\/revisions"}],"predecessor-version":[{"id":1000,"href":"https:\/\/spd-toenisvorst.de\/index.php\/wp-json\/wp\/v2\/posts\/998\/revisions\/1000"}],"wp:featuredmedia":[{"embeddable":true,"href":"https:\/\/spd-toenisvorst.de\/index.php\/wp-json\/wp\/v2\/media\/999"}],"wp:attachment":[{"href":"https:\/\/spd-toenisvorst.de\/index.php\/wp-json\/wp\/v2\/media?parent=998"}],"wp:term":[{"taxonomy":"category","embeddable":true,"href":"https:\/\/spd-toenisvorst.de\/index.php\/wp-json\/wp\/v2\/categories?post=998"},{"taxonomy":"post_tag","embeddable":true,"href":"https:\/\/spd-toenisvorst.de\/index.php\/wp-json\/wp\/v2\/tags?post=998"}],"curies":[{"name":"wp","href":"https:\/\/api.w.org\/{rel}","templated":true}]}}