{"id":979,"date":"2021-04-30T10:37:23","date_gmt":"2021-04-30T08:37:23","guid":{"rendered":"https:\/\/spd-toenisvorst.de\/?p=979"},"modified":"2021-04-30T16:54:43","modified_gmt":"2021-04-30T14:54:43","slug":"der-toenisvorster-rat-beschliesst-weitreichendes-innovatives-haushaltspaket","status":"publish","type":"post","link":"https:\/\/spd-toenisvorst.de\/index.php\/2021\/04\/30\/der-toenisvorster-rat-beschliesst-weitreichendes-innovatives-haushaltspaket\/","title":{"rendered":"Der T\u00f6nisvorster Rat beschlie\u00dft weitreichendes, innovatives Haushaltspaket."},"content":{"rendered":"\n<p>Der T\u00f6nisvorster Rat beschlie\u00dft weitreichendes, innovatives Haushaltspaket.Die Stadtratsfraktionen von SPD, B\u00fcndnis 90 \/ Die Gr\u00fcnen, UWT2020 und GUT haben am 29.4.2021 in der Ratssitzung ihre Antr\u00e4ge zum Haushalt mit klarer Mehrheit im Stadtrat durchgebracht und damit die lange f\u00e4llige Neuausrichtung in der Politik f\u00fcr T\u00f6nisvorst umgesetzt.Der Standort f\u00fcr den Verwaltungsneubau wurde nach 25 Jahren hin und her endlich verbindlich an der Fl\u00e4che am Wasserturm beschlossen \u2013 jetzt geht das Projekt in die Realisierungsphase. Zugleich haben die Fraktionen dar\u00fcber hinaus ein breites Gesamtpaket f\u00fcr den st\u00e4dtischen Haushalt 2021 mit diversen politischen Schwerpunkten durchgesetzt. Beschlossen wurde ebenfalls die Bereitstellung von Planungskosten f\u00fcr einen gemeinsamen Schulneubau f\u00fcr die Rupert-Neudeck-Gesamtschule und das Michael-Ende-Gymnasium. Damit hat die Flickschusterei an den alten Standorten ein Ende und T\u00f6nisvorst erh\u00e4lt den attraktiven Schulneubau. Bis zu den Sommerferien wird die Entscheidung im Stadtrat getroffen werden. B\u00fcrgermeister Uwe leuchtenberg hat nach dem eindeutigen Wahlsieg im letzten Jahr mit diesen Beschl\u00fcssen zum Haushalt 2021 den n\u00f6tigen Handlungsspielraum unser T\u00f6nisvorst in vielen einzelnen Bereichen wie zum Beispiel bei St\u00e4dteplanung und Wohnraum, Aufforstung, \u00d6kologie, Verkehr und Digitalisierung neu zu gestalten. \u2026Die ganze Stadt im Blick <\/p>\n\n\n\n<p><\/p>\n","protected":false},"excerpt":{"rendered":"<p>Der T\u00f6nisvorster Rat beschlie\u00dft weitreichendes, innovatives Haushaltspaket.Die Stadtratsfraktionen von SPD, B\u00fcndnis 90 \/ Die Gr\u00fcnen, UWT2020 und GUT haben am[&#8230;]<\/p>\n","protected":false},"author":4,"featured_media":626,"comment_status":"closed","ping_status":"closed","sticky":false,"template":"","format":"standard","meta":{"footnotes":""},"categories":[3,5],"tags":[],"class_list":["post-979","post","type-post","status-publish","format-standard","has-post-thumbnail","hentry","category-aktuelles","category-presse"],"_links":{"self":[{"href":"https:\/\/spd-toenisvorst.de\/index.php\/wp-json\/wp\/v2\/posts\/979","targetHints":{"allow":["GET"]}}],"collection":[{"href":"https:\/\/spd-toenisvorst.de\/index.php\/wp-json\/wp\/v2\/posts"}],"about":[{"href":"https:\/\/spd-toenisvorst.de\/index.php\/wp-json\/wp\/v2\/types\/post"}],"author":[{"embeddable":true,"href":"https:\/\/spd-toenisvorst.de\/index.php\/wp-json\/wp\/v2\/users\/4"}],"replies":[{"embeddable":true,"href":"https:\/\/spd-toenisvorst.de\/index.php\/wp-json\/wp\/v2\/comments?post=979"}],"version-history":[{"count":2,"href":"https:\/\/spd-toenisvorst.de\/index.php\/wp-json\/wp\/v2\/posts\/979\/revisions"}],"predecessor-version":[{"id":982,"href":"https:\/\/spd-toenisvorst.de\/index.php\/wp-json\/wp\/v2\/posts\/979\/revisions\/982"}],"wp:featuredmedia":[{"embeddable":true,"href":"https:\/\/spd-toenisvorst.de\/index.php\/wp-json\/wp\/v2\/media\/626"}],"wp:attachment":[{"href":"https:\/\/spd-toenisvorst.de\/index.php\/wp-json\/wp\/v2\/media?parent=979"}],"wp:term":[{"taxonomy":"category","embeddable":true,"href":"https:\/\/spd-toenisvorst.de\/index.php\/wp-json\/wp\/v2\/categories?post=979"},{"taxonomy":"post_tag","embeddable":true,"href":"https:\/\/spd-toenisvorst.de\/index.php\/wp-json\/wp\/v2\/tags?post=979"}],"curies":[{"name":"wp","href":"https:\/\/api.w.org\/{rel}","templated":true}]}}