{"id":953,"date":"2021-02-28T10:25:08","date_gmt":"2021-02-28T08:25:08","guid":{"rendered":"https:\/\/spd-toenisvorst.de\/?p=953"},"modified":"2021-02-28T10:31:17","modified_gmt":"2021-02-28T08:31:17","slug":"953","status":"publish","type":"post","link":"https:\/\/spd-toenisvorst.de\/index.php\/2021\/02\/28\/953\/","title":{"rendered":"Hans Joachim Kremser ist SPD Faktionsvorsitzender im Kreistag&#8230;"},"content":{"rendered":"\n<p>Am 15.2.2021 w\u00e4hlte die SPD-Kreistagsfraktion den T\u00f6nisvorster Hans Joachim Kremser bei einer Gegenstimme zum neuen Fraktionsvorsitzenden. Diese Nachwahl war durch den pl\u00f6tzlichen Tod von Hans Smolenaers n\u00f6tig geworden.<\/p>\n\n\n\n<p>Traditionsgem\u00e4\u00df war es Aufgabe des amtierenden Kreisvorsitzenden die Sitzung zu leiten und den gemeinsamen Vorschlag des Fraktionsvorstandes einzubringen. Udo Schiefner erinnerte an die vielen Jahre gelebte Sozialdemokratie von Hans Smolenaers und seine Art die Fraktion zu f\u00fchren; in einer Schweigeminute gedachten die Fraktionsmitglieder dem Verstorbenen.<\/p>\n\n\n\n<p>Hans Joachim Kremser in seiner Antrittsrede an die Fraktion: \u201enat\u00fcrlich muss ich in diese Schuhe noch hineinwachsen, aber es ist mein Ziel mit Euch gemeinsam die SPD-Fraktion Kreis Viersen als starke Sozialdemokratische Kraft zu positionieren.\u201c<\/p>\n","protected":false},"excerpt":{"rendered":"<p>Am 15.2.2021 w\u00e4hlte die SPD-Kreistagsfraktion den T\u00f6nisvorster Hans Joachim Kremser bei einer Gegenstimme zum neuen Fraktionsvorsitzenden. Diese Nachwahl war durch[&#8230;]<\/p>\n","protected":false},"author":4,"featured_media":957,"comment_status":"closed","ping_status":"closed","sticky":false,"template":"","format":"standard","meta":{"footnotes":""},"categories":[3,4],"tags":[],"class_list":["post-953","post","type-post","status-publish","format-standard","has-post-thumbnail","hentry","category-aktuelles","category-kommunalwahl-2020"],"_links":{"self":[{"href":"https:\/\/spd-toenisvorst.de\/index.php\/wp-json\/wp\/v2\/posts\/953","targetHints":{"allow":["GET"]}}],"collection":[{"href":"https:\/\/spd-toenisvorst.de\/index.php\/wp-json\/wp\/v2\/posts"}],"about":[{"href":"https:\/\/spd-toenisvorst.de\/index.php\/wp-json\/wp\/v2\/types\/post"}],"author":[{"embeddable":true,"href":"https:\/\/spd-toenisvorst.de\/index.php\/wp-json\/wp\/v2\/users\/4"}],"replies":[{"embeddable":true,"href":"https:\/\/spd-toenisvorst.de\/index.php\/wp-json\/wp\/v2\/comments?post=953"}],"version-history":[{"count":2,"href":"https:\/\/spd-toenisvorst.de\/index.php\/wp-json\/wp\/v2\/posts\/953\/revisions"}],"predecessor-version":[{"id":958,"href":"https:\/\/spd-toenisvorst.de\/index.php\/wp-json\/wp\/v2\/posts\/953\/revisions\/958"}],"wp:featuredmedia":[{"embeddable":true,"href":"https:\/\/spd-toenisvorst.de\/index.php\/wp-json\/wp\/v2\/media\/957"}],"wp:attachment":[{"href":"https:\/\/spd-toenisvorst.de\/index.php\/wp-json\/wp\/v2\/media?parent=953"}],"wp:term":[{"taxonomy":"category","embeddable":true,"href":"https:\/\/spd-toenisvorst.de\/index.php\/wp-json\/wp\/v2\/categories?post=953"},{"taxonomy":"post_tag","embeddable":true,"href":"https:\/\/spd-toenisvorst.de\/index.php\/wp-json\/wp\/v2\/tags?post=953"}],"curies":[{"name":"wp","href":"https:\/\/api.w.org\/{rel}","templated":true}]}}