{"id":906,"date":"2021-01-16T13:44:01","date_gmt":"2021-01-16T11:44:01","guid":{"rendered":"https:\/\/spd-toenisvorst.de\/?p=906"},"modified":"2021-01-16T13:44:01","modified_gmt":"2021-01-16T11:44:01","slug":"spd-will-neues-verkehskonzept","status":"publish","type":"post","link":"https:\/\/spd-toenisvorst.de\/index.php\/2021\/01\/16\/spd-will-neues-verkehskonzept\/","title":{"rendered":"SPD will neues Verkehskonzept"},"content":{"rendered":"\n<p>Ende der 80er Jahre wurde f\u00fcr T\u00f6nisvorst ein Generalverkehrsplan erarbeitet wurde. Dieser wurde um ein Tempo-30-Konzept erg\u00e4nzt. Doch seitdem hat die Stadt sich ver\u00e4ndert. Neue Baugebiete sind hinzu gekommen, Schulen und Kindertagesst\u00e4tten haben ihren Standort ver\u00e4ndert, das Einkaufsverhalten der Einwohner hat sich verlagert, letztlich ist vermehrt ein Wechsel bei der Wahl der individuellen Verkehrsmittel feststellbar.<\/p>\n\n\n\n<p>Kurz gesagt, der Generalverkehrsplan stimmt nicht mehr mit der Realit\u00e4t \u00fcberein. Das wird tagt\u00e4glich auf den T\u00f6nisvorster Stra\u00dfen sichtbar. Hier seien stichwortartig nur einige Beispiele genannt:<\/p>\n\n\n\n<ul class=\"wp-block-list\"><li>Verkehrsituation Friedrichstra\u00dfe<\/li><li>Stellplatznot (?) Pippergebiet<\/li><li>Verkehrsf\u00fchrung Willicher Stra\u00dfe \/ Krefelder Stra\u00dfe \/ Ringstra\u00dfe<\/li><li>Anwohnerparken Kirchplatz<\/li><li>Verkehrsstr\u00f6me Innerer Ring St.T\u00f6nis<\/li><li>Geschwindigkeits\u00fcberschreitungen in Tempo-30-Zonen und verkehrsberuhigten Bereichen<\/li><li>Querung Corneliusstra\u00dfe- Schulzentrum<\/li><li>Kreuzung Westring \/ Vorster Stra\u00dfe<\/li><li>Autoverkehr in der Vorster Innenstadt<\/li><li>LKW-Parken auf st\u00e4dtischen Parkpl\u00e4tzen Stra\u00dfen<\/li><li>Fahrradfreundliche Verkehrsf\u00fchrung<\/li><li>Erreichbarkeit der Bahnh\u00f6fe<\/li><\/ul>\n\n\n\n<p>Uns ist bewusst, dass diese Liste nur die gr\u00f6\u00dften Probleme benennt und bei weitem nicht vollst\u00e4ndig ist. Sie macht jedoch deutlich, dass eine ganzheitliche Betrachtung der Ziel- und Quellverkehre notwendig ist. Bruchst\u00fcckhafte L\u00f6sungsversuche an nur wenigen Problempunkten f\u00fchren nur zu Problemverlagerungen, aber nicht zu L\u00f6sungen!<\/p>\n","protected":false},"excerpt":{"rendered":"<p>Ende der 80er Jahre wurde f\u00fcr T\u00f6nisvorst ein Generalverkehrsplan erarbeitet wurde. Dieser wurde um ein Tempo-30-Konzept erg\u00e4nzt. Doch seitdem hat[&#8230;]<\/p>\n","protected":false},"author":4,"featured_media":895,"comment_status":"closed","ping_status":"closed","sticky":false,"template":"","format":"standard","meta":{"footnotes":""},"categories":[3,5],"tags":[],"class_list":["post-906","post","type-post","status-publish","format-standard","has-post-thumbnail","hentry","category-aktuelles","category-presse"],"_links":{"self":[{"href":"https:\/\/spd-toenisvorst.de\/index.php\/wp-json\/wp\/v2\/posts\/906","targetHints":{"allow":["GET"]}}],"collection":[{"href":"https:\/\/spd-toenisvorst.de\/index.php\/wp-json\/wp\/v2\/posts"}],"about":[{"href":"https:\/\/spd-toenisvorst.de\/index.php\/wp-json\/wp\/v2\/types\/post"}],"author":[{"embeddable":true,"href":"https:\/\/spd-toenisvorst.de\/index.php\/wp-json\/wp\/v2\/users\/4"}],"replies":[{"embeddable":true,"href":"https:\/\/spd-toenisvorst.de\/index.php\/wp-json\/wp\/v2\/comments?post=906"}],"version-history":[{"count":1,"href":"https:\/\/spd-toenisvorst.de\/index.php\/wp-json\/wp\/v2\/posts\/906\/revisions"}],"predecessor-version":[{"id":907,"href":"https:\/\/spd-toenisvorst.de\/index.php\/wp-json\/wp\/v2\/posts\/906\/revisions\/907"}],"wp:featuredmedia":[{"embeddable":true,"href":"https:\/\/spd-toenisvorst.de\/index.php\/wp-json\/wp\/v2\/media\/895"}],"wp:attachment":[{"href":"https:\/\/spd-toenisvorst.de\/index.php\/wp-json\/wp\/v2\/media?parent=906"}],"wp:term":[{"taxonomy":"category","embeddable":true,"href":"https:\/\/spd-toenisvorst.de\/index.php\/wp-json\/wp\/v2\/categories?post=906"},{"taxonomy":"post_tag","embeddable":true,"href":"https:\/\/spd-toenisvorst.de\/index.php\/wp-json\/wp\/v2\/tags?post=906"}],"curies":[{"name":"wp","href":"https:\/\/api.w.org\/{rel}","templated":true}]}}