{"id":683,"date":"2020-09-14T09:41:42","date_gmt":"2020-09-14T07:41:42","guid":{"rendered":"https:\/\/spd-toenisvorst.de\/?p=683"},"modified":"2020-09-14T09:43:18","modified_gmt":"2020-09-14T07:43:18","slug":"leuchtenberg-vorn-er-het-436-prozent-der-stimmen-auf-gehts-stichwahl","status":"publish","type":"post","link":"https:\/\/spd-toenisvorst.de\/index.php\/2020\/09\/14\/leuchtenberg-vorn-er-het-436-prozent-der-stimmen-auf-gehts-stichwahl\/","title":{"rendered":"Leuchtenberg vorn. Er hat 43,6 Prozent der Stimmen&#8230; Auf geht&#8217;s zur Stichwahl."},"content":{"rendered":"\n<p>#Wirk\u00f6nnen T\u00f6nisvorst<\/p>\n\n\n\n<p>Uwe Leuchtenberg dazu: &#8222;Jetzt bin ich ziemlich geschlaucht. Hab mir jetzt auch ein Bier aufgemacht und versuche nach dem guten Ergebnis mal ein wenig \u201erunterzukommen\u201c. Ich m\u00f6chte mich ganz herzlich bei allen bedanken, die mich gew\u00e4hlt und unterst\u00fctzt haben. Vielen Dank f\u00fcr die tollen Videos, ich wei\u00df f\u00fcr einige war es schwer sich so \u00f6ffentlich zu \u00e4u\u00dfern, danke!Es war ein fairer \u201eWahlwettbewerb\u201c, daf\u00fcr mein Dank an die Mitbewerber. Jetzt machen meine Freunde der SPD, von den Gr\u00fcnen und der GUT( vielleicht kommen ja noch welche dazu) halt noch 2 Wochen weiter und versuchen die T\u00f6nisVorster von unserer Idee f\u00fcr T\u00f6nisVorst zu \u00fcberzeugen und dann beginnen wir gemeinsam mit allen B\u00fcrgern unsere Stadt die Zeitenwende. Ich freue mich auf weitere gute Gespr\u00e4che und kann allen die mich noch nicht gew\u00e4hlt haben nur anbieten, dass wir uns in den n\u00e4chsten Tagen mal treffen um \u00fcber meine Ideen f\u00fcr ein besseres T\u00f6nisvorst zu reden.&#8220;<\/p>\n","protected":false},"excerpt":{"rendered":"<p>#Wirk\u00f6nnen T\u00f6nisvorst Uwe Leuchtenberg dazu: &#8222;Jetzt bin ich ziemlich geschlaucht. Hab mir jetzt auch ein Bier aufgemacht und versuche nach[&#8230;]<\/p>\n","protected":false},"author":4,"featured_media":376,"comment_status":"closed","ping_status":"closed","sticky":false,"template":"","format":"standard","meta":{"footnotes":""},"categories":[3,4],"tags":[],"class_list":["post-683","post","type-post","status-publish","format-standard","has-post-thumbnail","hentry","category-aktuelles","category-kommunalwahl-2020"],"_links":{"self":[{"href":"https:\/\/spd-toenisvorst.de\/index.php\/wp-json\/wp\/v2\/posts\/683","targetHints":{"allow":["GET"]}}],"collection":[{"href":"https:\/\/spd-toenisvorst.de\/index.php\/wp-json\/wp\/v2\/posts"}],"about":[{"href":"https:\/\/spd-toenisvorst.de\/index.php\/wp-json\/wp\/v2\/types\/post"}],"author":[{"embeddable":true,"href":"https:\/\/spd-toenisvorst.de\/index.php\/wp-json\/wp\/v2\/users\/4"}],"replies":[{"embeddable":true,"href":"https:\/\/spd-toenisvorst.de\/index.php\/wp-json\/wp\/v2\/comments?post=683"}],"version-history":[{"count":3,"href":"https:\/\/spd-toenisvorst.de\/index.php\/wp-json\/wp\/v2\/posts\/683\/revisions"}],"predecessor-version":[{"id":686,"href":"https:\/\/spd-toenisvorst.de\/index.php\/wp-json\/wp\/v2\/posts\/683\/revisions\/686"}],"wp:featuredmedia":[{"embeddable":true,"href":"https:\/\/spd-toenisvorst.de\/index.php\/wp-json\/wp\/v2\/media\/376"}],"wp:attachment":[{"href":"https:\/\/spd-toenisvorst.de\/index.php\/wp-json\/wp\/v2\/media?parent=683"}],"wp:term":[{"taxonomy":"category","embeddable":true,"href":"https:\/\/spd-toenisvorst.de\/index.php\/wp-json\/wp\/v2\/categories?post=683"},{"taxonomy":"post_tag","embeddable":true,"href":"https:\/\/spd-toenisvorst.de\/index.php\/wp-json\/wp\/v2\/tags?post=683"}],"curies":[{"name":"wp","href":"https:\/\/api.w.org\/{rel}","templated":true}]}}