{"id":679,"date":"2020-09-10T16:02:48","date_gmt":"2020-09-10T14:02:48","guid":{"rendered":"https:\/\/spd-toenisvorst.de\/?p=679"},"modified":"2020-09-10T16:02:48","modified_gmt":"2020-09-10T14:02:48","slug":"windraeder-vorst","status":"publish","type":"post","link":"https:\/\/spd-toenisvorst.de\/index.php\/2020\/09\/10\/windraeder-vorst\/","title":{"rendered":"Windr\u00e4der Vorst"},"content":{"rendered":"\n<p>Wir haben nichts gegen Windr\u00e4der, aber dieses Verfahren und der Standort sind untragbar\u2026Zusammengefasst war das der Tenor der Besucher unseres Infostandes an der Rottheide. Da h\u00e4tte deutlich bessere Standorte gegeben als diesen im Landschaftsschutzgebiet. Die Anwohner sorgen sich um L\u00e4rmbel\u00e4stigung und Schattenwurf, aber ebenso \u00fcber den Erhalt der Vogelwelt. Besondere Sorge gilt den wieder sesshaften St\u00f6rchen. Das was Verwaltungen von Stadt und Kreis in diesem Fall mit B\u00fcrgern*innen gemacht haben ist unertr\u00e4glich und hochgradig Arrogant\u201c\u2026 so eine Anwohnerin. Uwe Leuchtenberg und Hans Joachim Kremser konnten nur best\u00e4tigen, dass die Politik in diese Entscheidungen nicht eingebunden waren. \u201eSowas darf uns nie wieder passieren\u201c erg\u00e4nzte Uwe Leuchtenberg\u2026und dann hat der Kreis noch einen hohen 6-stelligen Euro als Ausgleich vom Betreiber f\u00fcr den Eingriff in die Natur kassiert\u201c so Uwe weiter.<\/p>\n","protected":false},"excerpt":{"rendered":"<p>Wir haben nichts gegen Windr\u00e4der, aber dieses Verfahren und der Standort sind untragbar\u2026Zusammengefasst war das der Tenor der Besucher unseres[&#8230;]<\/p>\n","protected":false},"author":4,"featured_media":680,"comment_status":"closed","ping_status":"closed","sticky":false,"template":"","format":"standard","meta":{"footnotes":""},"categories":[3],"tags":[],"class_list":["post-679","post","type-post","status-publish","format-standard","has-post-thumbnail","hentry","category-aktuelles"],"_links":{"self":[{"href":"https:\/\/spd-toenisvorst.de\/index.php\/wp-json\/wp\/v2\/posts\/679","targetHints":{"allow":["GET"]}}],"collection":[{"href":"https:\/\/spd-toenisvorst.de\/index.php\/wp-json\/wp\/v2\/posts"}],"about":[{"href":"https:\/\/spd-toenisvorst.de\/index.php\/wp-json\/wp\/v2\/types\/post"}],"author":[{"embeddable":true,"href":"https:\/\/spd-toenisvorst.de\/index.php\/wp-json\/wp\/v2\/users\/4"}],"replies":[{"embeddable":true,"href":"https:\/\/spd-toenisvorst.de\/index.php\/wp-json\/wp\/v2\/comments?post=679"}],"version-history":[{"count":1,"href":"https:\/\/spd-toenisvorst.de\/index.php\/wp-json\/wp\/v2\/posts\/679\/revisions"}],"predecessor-version":[{"id":681,"href":"https:\/\/spd-toenisvorst.de\/index.php\/wp-json\/wp\/v2\/posts\/679\/revisions\/681"}],"wp:featuredmedia":[{"embeddable":true,"href":"https:\/\/spd-toenisvorst.de\/index.php\/wp-json\/wp\/v2\/media\/680"}],"wp:attachment":[{"href":"https:\/\/spd-toenisvorst.de\/index.php\/wp-json\/wp\/v2\/media?parent=679"}],"wp:term":[{"taxonomy":"category","embeddable":true,"href":"https:\/\/spd-toenisvorst.de\/index.php\/wp-json\/wp\/v2\/categories?post=679"},{"taxonomy":"post_tag","embeddable":true,"href":"https:\/\/spd-toenisvorst.de\/index.php\/wp-json\/wp\/v2\/tags?post=679"}],"curies":[{"name":"wp","href":"https:\/\/api.w.org\/{rel}","templated":true}]}}