{"id":665,"date":"2020-08-30T13:55:19","date_gmt":"2020-08-30T11:55:19","guid":{"rendered":"https:\/\/spd-toenisvorst.de\/?p=665"},"modified":"2020-08-30T14:10:02","modified_gmt":"2020-08-30T12:10:02","slug":"spd-vor-ort-abenteuerspielplatz-am-duengelshof-pipper-gebiet","status":"publish","type":"post","link":"https:\/\/spd-toenisvorst.de\/index.php\/2020\/08\/30\/spd-vor-ort-abenteuerspielplatz-am-duengelshof-pipper-gebiet\/","title":{"rendered":"SPD vor Ort. Abenteuerspielplatz &#8222;Am D\u00fcngelshof&#8220; (Pipper Gebiet)"},"content":{"rendered":"\n<p>Am Donnerstag den 3.9.2020 ist die &#8222;SPD VOR ORT&#8220; um 17:30 am Abenteuerspielplatz am D\u00fcngelshof. Hier haben Sie Gelegenheit mit der Landratskandidatin Annalena R\u00f6nsberg, dem B\u00fcrgermeisterkandidat Uwe Leuchtenberg und dem SPD Wahlkreiskandidaten Timo Sch\u00f6nen \u00fcber Ihre Themen zu sprechen, wir freuen uns drauf&#8230;<\/p>\n","protected":false},"excerpt":{"rendered":"<p>Am Donnerstag den 3.9.2020 ist die &#8222;SPD VOR ORT&#8220; um 17:30 am Abenteuerspielplatz am D\u00fcngelshof. Hier haben Sie Gelegenheit mit[&#8230;]<\/p>\n","protected":false},"author":4,"featured_media":668,"comment_status":"closed","ping_status":"closed","sticky":false,"template":"","format":"standard","meta":{"footnotes":""},"categories":[3],"tags":[],"class_list":["post-665","post","type-post","status-publish","format-standard","has-post-thumbnail","hentry","category-aktuelles"],"_links":{"self":[{"href":"https:\/\/spd-toenisvorst.de\/index.php\/wp-json\/wp\/v2\/posts\/665","targetHints":{"allow":["GET"]}}],"collection":[{"href":"https:\/\/spd-toenisvorst.de\/index.php\/wp-json\/wp\/v2\/posts"}],"about":[{"href":"https:\/\/spd-toenisvorst.de\/index.php\/wp-json\/wp\/v2\/types\/post"}],"author":[{"embeddable":true,"href":"https:\/\/spd-toenisvorst.de\/index.php\/wp-json\/wp\/v2\/users\/4"}],"replies":[{"embeddable":true,"href":"https:\/\/spd-toenisvorst.de\/index.php\/wp-json\/wp\/v2\/comments?post=665"}],"version-history":[{"count":2,"href":"https:\/\/spd-toenisvorst.de\/index.php\/wp-json\/wp\/v2\/posts\/665\/revisions"}],"predecessor-version":[{"id":669,"href":"https:\/\/spd-toenisvorst.de\/index.php\/wp-json\/wp\/v2\/posts\/665\/revisions\/669"}],"wp:featuredmedia":[{"embeddable":true,"href":"https:\/\/spd-toenisvorst.de\/index.php\/wp-json\/wp\/v2\/media\/668"}],"wp:attachment":[{"href":"https:\/\/spd-toenisvorst.de\/index.php\/wp-json\/wp\/v2\/media?parent=665"}],"wp:term":[{"taxonomy":"category","embeddable":true,"href":"https:\/\/spd-toenisvorst.de\/index.php\/wp-json\/wp\/v2\/categories?post=665"},{"taxonomy":"post_tag","embeddable":true,"href":"https:\/\/spd-toenisvorst.de\/index.php\/wp-json\/wp\/v2\/tags?post=665"}],"curies":[{"name":"wp","href":"https:\/\/api.w.org\/{rel}","templated":true}]}}