{"id":659,"date":"2020-08-25T08:26:49","date_gmt":"2020-08-25T06:26:49","guid":{"rendered":"https:\/\/spd-toenisvorst.de\/?p=659"},"modified":"2020-08-25T08:26:49","modified_gmt":"2020-08-25T06:26:49","slug":"lager-fuer-2000-pkw-auf-dem-kasernengelaende-forstwald","status":"publish","type":"post","link":"https:\/\/spd-toenisvorst.de\/index.php\/2020\/08\/25\/lager-fuer-2000-pkw-auf-dem-kasernengelaende-forstwald\/","title":{"rendered":"Lager f\u00fcr 2000 PKW auf dem Kasernengel\u00e4nde Forstwald"},"content":{"rendered":"\n<p>heute entnehmen wir der Presse, dass auf dem Gel\u00e4nde der ehemaligen Kaserne im Forstwald ein PKW Lagerplatz mit Fahrzeugaufbereitung entstehen soll.<\/p>\n\n\n\n<p>Dies Nachricht kam f\u00fcr uns aus heiteren Himmel und v\u00f6llig unerwartet. Unser Sachstand war, das Krefeld dort mit einer Wohnbebauung lieb\u00e4ugelt; &nbsp;w\u00e4hrend wir<\/p>\n\n\n\n<p>als SPD uns vehement die Aufforstung einsetzen. Geplant sind jetzt wohl Lagerfl\u00e4chen f\u00fcr \u00fcber 2000 Fahrzeuge. Wir, die SPD T\u00f6nisvorst haben uns daher spontan entschieden<\/p>\n\n\n\n<p>am Freitag den 28.8.2020 unseren SPD vor Ort Stand an die Laschenh\u00fctte, an den Drei Eichen, aufzustellen und mit den Anwohnern ins Gespr\u00e4ch zu kommen.<\/p>\n\n\n\n<p>Wir hoffen bis zu diesem Termin weitere Details in Erfahrung bringen zu k\u00f6nnen\u2026. Wir sorgen uns sehr um die bevorstehenden Verkehrsbelastungen, den L\u00e4rm und die negativen Auswirkungen auf Umwelt und Natur.<\/p>\n\n\n\n<p>Mit dabei sind B\u00fcrgermeister Kandidat Uwe Leuchtenberg, der Vorsitzende des Planungsausschusses Hans Joachim Kremser, der Vorsitzende des Umweltausschusses Helge Schwarz, und SPD Wahlkreiskandidaten.<\/p>\n","protected":false},"excerpt":{"rendered":"<p>heute entnehmen wir der Presse, dass auf dem Gel\u00e4nde der ehemaligen Kaserne im Forstwald ein PKW Lagerplatz mit Fahrzeugaufbereitung entstehen[&#8230;]<\/p>\n","protected":false},"author":4,"featured_media":0,"comment_status":"closed","ping_status":"closed","sticky":false,"template":"","format":"standard","meta":{"footnotes":""},"categories":[1],"tags":[],"class_list":["post-659","post","type-post","status-publish","format-standard","hentry","category-uncategorized"],"_links":{"self":[{"href":"https:\/\/spd-toenisvorst.de\/index.php\/wp-json\/wp\/v2\/posts\/659","targetHints":{"allow":["GET"]}}],"collection":[{"href":"https:\/\/spd-toenisvorst.de\/index.php\/wp-json\/wp\/v2\/posts"}],"about":[{"href":"https:\/\/spd-toenisvorst.de\/index.php\/wp-json\/wp\/v2\/types\/post"}],"author":[{"embeddable":true,"href":"https:\/\/spd-toenisvorst.de\/index.php\/wp-json\/wp\/v2\/users\/4"}],"replies":[{"embeddable":true,"href":"https:\/\/spd-toenisvorst.de\/index.php\/wp-json\/wp\/v2\/comments?post=659"}],"version-history":[{"count":1,"href":"https:\/\/spd-toenisvorst.de\/index.php\/wp-json\/wp\/v2\/posts\/659\/revisions"}],"predecessor-version":[{"id":660,"href":"https:\/\/spd-toenisvorst.de\/index.php\/wp-json\/wp\/v2\/posts\/659\/revisions\/660"}],"wp:attachment":[{"href":"https:\/\/spd-toenisvorst.de\/index.php\/wp-json\/wp\/v2\/media?parent=659"}],"wp:term":[{"taxonomy":"category","embeddable":true,"href":"https:\/\/spd-toenisvorst.de\/index.php\/wp-json\/wp\/v2\/categories?post=659"},{"taxonomy":"post_tag","embeddable":true,"href":"https:\/\/spd-toenisvorst.de\/index.php\/wp-json\/wp\/v2\/tags?post=659"}],"curies":[{"name":"wp","href":"https:\/\/api.w.org\/{rel}","templated":true}]}}