{"id":638,"date":"2020-08-22T16:27:57","date_gmt":"2020-08-22T14:27:57","guid":{"rendered":"https:\/\/spd-toenisvorst.de\/?p=638"},"modified":"2020-08-22T16:27:57","modified_gmt":"2020-08-22T14:27:57","slug":"schnelles-internet","status":"publish","type":"post","link":"https:\/\/spd-toenisvorst.de\/index.php\/2020\/08\/22\/schnelles-internet\/","title":{"rendered":"Schnelles Internet"},"content":{"rendered":"\n<p>Hallo, mein Name ist Hans Joachim Kremser (SPD) und ich bin im Kreis Viersen der Ausschussvorsitzende, der dieses Thema begleitet. Die St\u00e4dte und Gemeinden haben seinerzeit entschieden, dass nicht jede Kommune alleine f\u00fcr sich das Thema bearbeitet, sondern der Kreis Viersen die Federf\u00fchrung \u00fcbernimmt. Es folgten Gutachten und der Antrag zur Finanzierung an Bund und auch Bereitstellung von F\u00f6rdermitteln. Parallel hat der Kreis eine Stelle als Breitband Koordinator geschaffen. Es folgten dann Abstimmungsgespr\u00e4che zwischen Kreis und den angeh\u00f6rigen St\u00e4dten und Kommunen lediglich auf Verwaltungsebene. Die Politik war nicht beteiligt. Zwischenzeitlich hat man in der Kreisverwaltung entschieden den Ausbau mit einem niederl\u00e4ndischen Unternehmen, der Deutschen Glasfaser, nach einem Ausschreibungsverfahren umzusetzen. Dieses Ergebnis wurde dem Ausschuss kommuniziert. Im Ausschuss Planen, Bauen und Umwelt des Kreises, dessen Vorsitz ich habe, wurde dann sp\u00e4ter der allein zwischen den Verwaltungen abgestimmte verbindliche Zeitplan vorgestellt.<br>Laut diesem Plan wird f\u00fcr T\u00f6nisvorst im September mit dem Beginn der Planung begonnen. Es folgt eine Bauphase und eben lt. diesem Plan sollen die Hausanschl\u00fcsse ab M\u00e4rz\/April 2021 gelegt werden. Das bedeutet, dass hier alleine der Kreis federf\u00fchrend agiert. Ich war daher vom Schreiben des Landrates zu der Veranstaltung letzte Woche in Vorst \u00fcberrascht \u00fcber die Aussagen in der Einladung. Ebenso wie Sie als Initiative, als wir als Politik wussten davon nichts. In der Sache sicherlich nicht besonders schlau gemacht, au\u00dfer es war ein Wahlkampftermin der CDU, aber dann waren die Briefb\u00f6gen auf den Einladungen sicher mehr als unpassend.<br>Ich werde dies zum Anlass nehmen und in der n\u00e4chsten Sitzung des Kreisausschusses um Aufkl\u00e4rung bitten.<br>Wie geht es jetzt vor Ort weiter? Der Auftrag f\u00fcr die Au\u00dfenbereiche liegt bei der Deutschen Glasfaser, im Innenstadtbereich gab es Verfahren bei dem Anwohner direkt Vertr\u00e4ge abschlie\u00dfen konnten wenn gen\u00fcgend Anschl\u00fcsse zusammen kommen.<br>Grunds\u00e4tzlich ist der Ausbau f\u00fcr unsere Stadt von hoher Priorit\u00e4t. Politisch auch gewollt, aber leider sto\u00dfen wir immer wieder an Beh\u00f6rdliche H\u00fcrden und Desinteresse in den Verwaltungen.<br>Es ist nat\u00fcrlich w\u00fcnschenswert nicht alleine schnelles Internet im Au\u00dfenbereich zu bekommen sondern auch in der Innenstadt. Ich wohne in St. Tonis direkt an der Kirche und die Telekom war nicht mal in der Lage mein Haus mit Internet und Telefon zu versorgen&#8230; diese Situation finden wir nahezu \u00fcberall in den Kommunen im Kreis, also auch in Vorst. Wir k\u00f6nnen Ihnen seri\u00f6s nicht versprechen, da\u00df sich die Situation innerhalb von Wochen oder Monaten mal ebenso \u00e4ndert. Hier geht es um Leitungsrechte, Kosten \u00dcbernahmen durch F\u00f6rdermittel von Land und Bund, Ausschreibungsverfahren und anschlie\u00dfende Vergaben an Bewerber. Das Ganze dann auch noch zur Kr\u00f6nung als Europaweite Ausschreibung. B\u00fcrokratie&#8230;<br>Aber ich gebe Ihnen im Namen der T\u00f6nisvorster SPD ein klares Ja, wir werden das Thema in die entsprechenden Gremien in der Stadt aber auch im Kreis bringen und auf Umsetzung beharren.<\/p>\n\n\n\n<p>Hans Joachim Kremser SPD T\u00f6nisvorst<\/p>\n","protected":false},"excerpt":{"rendered":"<p>Hallo, mein Name ist Hans Joachim Kremser (SPD) und ich bin im Kreis Viersen der Ausschussvorsitzende, der dieses Thema begleitet.[&#8230;]<\/p>\n","protected":false},"author":1,"featured_media":639,"comment_status":"closed","ping_status":"closed","sticky":false,"template":"","format":"standard","meta":{"footnotes":""},"categories":[3],"tags":[],"class_list":["post-638","post","type-post","status-publish","format-standard","has-post-thumbnail","hentry","category-aktuelles"],"_links":{"self":[{"href":"https:\/\/spd-toenisvorst.de\/index.php\/wp-json\/wp\/v2\/posts\/638","targetHints":{"allow":["GET"]}}],"collection":[{"href":"https:\/\/spd-toenisvorst.de\/index.php\/wp-json\/wp\/v2\/posts"}],"about":[{"href":"https:\/\/spd-toenisvorst.de\/index.php\/wp-json\/wp\/v2\/types\/post"}],"author":[{"embeddable":true,"href":"https:\/\/spd-toenisvorst.de\/index.php\/wp-json\/wp\/v2\/users\/1"}],"replies":[{"embeddable":true,"href":"https:\/\/spd-toenisvorst.de\/index.php\/wp-json\/wp\/v2\/comments?post=638"}],"version-history":[{"count":1,"href":"https:\/\/spd-toenisvorst.de\/index.php\/wp-json\/wp\/v2\/posts\/638\/revisions"}],"predecessor-version":[{"id":640,"href":"https:\/\/spd-toenisvorst.de\/index.php\/wp-json\/wp\/v2\/posts\/638\/revisions\/640"}],"wp:featuredmedia":[{"embeddable":true,"href":"https:\/\/spd-toenisvorst.de\/index.php\/wp-json\/wp\/v2\/media\/639"}],"wp:attachment":[{"href":"https:\/\/spd-toenisvorst.de\/index.php\/wp-json\/wp\/v2\/media?parent=638"}],"wp:term":[{"taxonomy":"category","embeddable":true,"href":"https:\/\/spd-toenisvorst.de\/index.php\/wp-json\/wp\/v2\/categories?post=638"},{"taxonomy":"post_tag","embeddable":true,"href":"https:\/\/spd-toenisvorst.de\/index.php\/wp-json\/wp\/v2\/tags?post=638"}],"curies":[{"name":"wp","href":"https:\/\/api.w.org\/{rel}","templated":true}]}}