{"id":622,"date":"2020-08-18T11:57:00","date_gmt":"2020-08-18T09:57:00","guid":{"rendered":"https:\/\/spd-toenisvorst.de\/?p=622"},"modified":"2020-08-18T11:57:00","modified_gmt":"2020-08-18T09:57:00","slug":"nein-zu-steingaerten-in-toenisvorst","status":"publish","type":"post","link":"https:\/\/spd-toenisvorst.de\/index.php\/2020\/08\/18\/nein-zu-steingaerten-in-toenisvorst\/","title":{"rendered":"NEIN zu Steing\u00e4rten In T\u00f6nisvorst"},"content":{"rendered":"\n<p>In einem Schotter-Vorgarten steht ein rosa Plastik-Flamingo, in einem anderen sind zwischen Unmengen von Steinen vereinzelte gelbliche Grasb\u00fcschel und dunkle Kiefernb\u00fcsche zu sehen. Auf der satirischen Facebook-Seite &#8222;G\u00e4rten\u00a0des Grauens&#8220; werden beinahe t\u00e4glich skurrile Fotos deutscher G\u00e4rten hochgeladen. Verwandeln sich tats\u00e4chlich immer mehr private Grundst\u00fccke in \u00f6de Kies- und Steinw\u00fcsten &#8211; sei es aus Bequemlichkeit oder Zeitnot der Eigent\u00fcmer? M\u00f6glicherweise finden einige Hausbesitzer die Au\u00dfengestaltung mit Beton-Bl\u00f6cken und Gabionen &#8211; das sind mit Steinen gef\u00fcllte Drahtk\u00f6rbe &#8211; auch sch\u00f6ner als bl\u00fchende Blumen.F\u00f6rderprogramme zur\u00a0Bepflanzung\u00a0von D\u00e4chern, Fassaden und Hinterh\u00f6fen gibt es in so gut wie allen deutschen Metropolen von M\u00fcnchen bis Hamburg. Die Stadt Bremen will mit einem &#8222;Ortsgesetz \u00fcber die Begr\u00fcnung von Freifl\u00e4chen und Flachdachfl\u00e4chen&#8220; noch einen Schritt weiter gehen. Der Gesetzentwurf des rot-gr\u00fcnen Senats soll in der zweiten Maiwoche in der Bremischen B\u00fcrgerschaft verabschiedet werden. Er sieht vor, dass Au\u00dfenfl\u00e4chen &#8222;zu begr\u00fcnen oder zu bepflanzen sind&#8220;, sollte dies nicht einer anderen zul\u00e4ssigen Verwendung entgegenstehen. Im Klartext: H\u00fctten, Terrassen oder gepflasterte Fahrrad-Stellpl\u00e4tze sind erlaubt, gro\u00dfe Steinbeete nicht.<\/p>\n\n\n\n<p>Quelle chip.de<\/p>\n","protected":false},"excerpt":{"rendered":"<p>In einem Schotter-Vorgarten steht ein rosa Plastik-Flamingo, in einem anderen sind zwischen Unmengen von Steinen vereinzelte gelbliche Grasb\u00fcschel und dunkle[&#8230;]<\/p>\n","protected":false},"author":1,"featured_media":623,"comment_status":"closed","ping_status":"closed","sticky":false,"template":"","format":"standard","meta":{"footnotes":""},"categories":[3,5],"tags":[],"class_list":["post-622","post","type-post","status-publish","format-standard","has-post-thumbnail","hentry","category-aktuelles","category-presse"],"_links":{"self":[{"href":"https:\/\/spd-toenisvorst.de\/index.php\/wp-json\/wp\/v2\/posts\/622","targetHints":{"allow":["GET"]}}],"collection":[{"href":"https:\/\/spd-toenisvorst.de\/index.php\/wp-json\/wp\/v2\/posts"}],"about":[{"href":"https:\/\/spd-toenisvorst.de\/index.php\/wp-json\/wp\/v2\/types\/post"}],"author":[{"embeddable":true,"href":"https:\/\/spd-toenisvorst.de\/index.php\/wp-json\/wp\/v2\/users\/1"}],"replies":[{"embeddable":true,"href":"https:\/\/spd-toenisvorst.de\/index.php\/wp-json\/wp\/v2\/comments?post=622"}],"version-history":[{"count":1,"href":"https:\/\/spd-toenisvorst.de\/index.php\/wp-json\/wp\/v2\/posts\/622\/revisions"}],"predecessor-version":[{"id":624,"href":"https:\/\/spd-toenisvorst.de\/index.php\/wp-json\/wp\/v2\/posts\/622\/revisions\/624"}],"wp:featuredmedia":[{"embeddable":true,"href":"https:\/\/spd-toenisvorst.de\/index.php\/wp-json\/wp\/v2\/media\/623"}],"wp:attachment":[{"href":"https:\/\/spd-toenisvorst.de\/index.php\/wp-json\/wp\/v2\/media?parent=622"}],"wp:term":[{"taxonomy":"category","embeddable":true,"href":"https:\/\/spd-toenisvorst.de\/index.php\/wp-json\/wp\/v2\/categories?post=622"},{"taxonomy":"post_tag","embeddable":true,"href":"https:\/\/spd-toenisvorst.de\/index.php\/wp-json\/wp\/v2\/tags?post=622"}],"curies":[{"name":"wp","href":"https:\/\/api.w.org\/{rel}","templated":true}]}}