{"id":245,"date":"2020-08-06T14:56:26","date_gmt":"2020-08-06T12:56:26","guid":{"rendered":"https:\/\/relaunch.spd-toenisvorst.de\/?p=245"},"modified":"2021-01-22T16:17:45","modified_gmt":"2021-01-22T14:17:45","slug":"fehlende-gewerbeflaechen","status":"publish","type":"post","link":"https:\/\/spd-toenisvorst.de\/index.php\/2020\/08\/06\/fehlende-gewerbeflaechen\/","title":{"rendered":"Fehlende Gewerbefl\u00e4chen"},"content":{"rendered":"\n<figure class=\"wp-block-image size-large\"><img loading=\"lazy\" decoding=\"async\" width=\"1024\" height=\"576\" src=\"https:\/\/spd-toenisvorst.de\/wp-content\/uploads\/2020\/08\/L1020667.jpg\" alt=\"\" class=\"wp-image-247\" srcset=\"https:\/\/spd-toenisvorst.de\/wp-content\/uploads\/2020\/08\/L1020667.jpg 1024w, https:\/\/spd-toenisvorst.de\/wp-content\/uploads\/2020\/08\/L1020667-300x169.jpg 300w, https:\/\/spd-toenisvorst.de\/wp-content\/uploads\/2020\/08\/L1020667-768x432.jpg 768w\" sizes=\"auto, (max-width: 1024px) 100vw, 1024px\" \/><\/figure>\n\n\n\n<p>Dilemma an Gewerbefl\u00e4chen ist von der Verwaltungsspitze hausgemacht.<br><br>Innerhalb der Diskussion um Gewerbefl\u00e4chen im Rahmen der Aufstellung des Regionalplanes ist im Fachausschuss besprochen worden eine weitere Ausweitung von Gewerbefl\u00e4chen s\u00fcdlich vom S\u00fcdring auszuweisen.<br>Ein besonderes Ziel war, dass diese Fl\u00e4chen au\u00dferhalb der restriktiven Festsetzungen der Wasserschutzzone liegen und somit vielen Unternehmen die Chance auf eine Betriebsverlagerung und Neugr\u00fcndung erm\u00f6glicht werden kann.<br>Bekanntlich stehen die Bewerber in der Verwaltung Schlange bei der Nachfrage nach Gewerbefl\u00e4chen.<br>Diesem Anliegen wurde auf Beschluss des Planungsausschusses durch die Bezirksregierung mit Festlegung einer Fl\u00e4che im Regionalplan entsprochen Es wurde ein zus\u00e4tzlicher Bereich entsprechend im Fl\u00e4chennutzungsplan aufgenommen.<br>Eine Ansiedlung eines damals noch in T\u00f6nisvorst ans\u00e4ssigen Gro\u00dfhandelsbetriebes lie\u00df sich aber leider nicht mehr verwirklichen. Zu viel Zeit war zwischenzeitlich verspielt.<br>Aber dann wurde es sehr ruhig um diese Fl\u00e4chen im T\u00f6nisvorster S\u00fcden.<br>Aus einem Gespr\u00e4ch mit angrenzenden Landwirten berichtete der B\u00fcrgermeister sp\u00e4ter, dass es keine Verkaufsabsichten der Eigent\u00fcmer g\u00e4be.<br>Aus Sicht der SPD ist das aber kein Argument unt\u00e4tig zu sein. Wir erwarteten eine deutlichere Positionierung der Verwaltung zu diesem Thema.<br><br>Wenn Planungen nicht genau an einer Stelle umzusetzen sind, ist es \u00fcbliche Praxis im Dialog mit der Bezirksregierung die Verlagerung der Fl\u00e4chen und damit einen Fl\u00e4chentausch abzusprechen, dies ist aber augenscheinlich bisher nicht passiert.<br>Die Veraltung hat an dieser Weiterentwicklung nicht weitergearbeitet und auch keine offizielle Vorlagen and die zust\u00e4ndigen Aussch\u00fcsse gegeben.<br>Da weiterhin ein unbestrittener Mangel an geeigneten Gewerbefl\u00e4chen aktuell besteht, hat die SPD dies bereits Ende 2018 zum Anlass genommen diese Fl\u00e4chen erneut bei der Aufstellung des Haushaltes 2019 ins Gespr\u00e4ch zu bringen.<br>Genau darauf zielte der Antrag aus der Haushaltsdebatte zum Haushalt 2019, der lautete: \u201eDie Verwaltung wird gebeten entsprechende Verkaufsgespr\u00e4che im Umfeld zu f\u00fchren und Haushaltsmittel einzustellen.\u201c<br>Durch die Fraktionen der CDU, FDP und UWT wurde dieser Antrag ohne Aussprache und ohne Begr\u00fcndung mit dem Antrag auf Ende der Debatte schon zu Beginn abgew\u00fcrgt.<br>Hier zeigt sich eindeutig das aktuelle Dilemma innerhalb Teilen der Politik und der Spitze der Stadtverwaltung. W\u00e4hrend stillschweigend Bewilligungen f\u00fcr Windr\u00e4der erteilt werden, daf\u00fcr fanden sich schnell Landwirte denn gibt viel Geld zu verdienen, ist im Fall der Gewerbefl\u00e4chen die Verwaltung im Dialog mit den Landwirten abgetaucht.<br>Vor gef\u00fchlt 8 Jahren oder mehr, wollte man sich ebenso in der Verwaltungsspitze mit der Verlagerung der Wasserrechte besch\u00e4ftigen, nix ist da bis heute passiert.<br>Das passt alles perfekt in das Gesamtbild, denn genauso bei der Schaffung von bezahlbarem Wohnraum und bei der Pflegeplanung passiert rein gar nichts.<br>In Summe ist das alles nicht gut f\u00fcr T\u00f6nisvorst, wir verbauen uns auf vielen Ebenen eine vern\u00fcnftige Entwicklung und verharren stattdessen im Stillstands Modus!<br>Schade um die vielen vertanen Chancen.<br><br><\/p>\n","protected":false},"excerpt":{"rendered":"<p>Dilemma an Gewerbefl\u00e4chen ist von der Verwaltungsspitze hausgemacht. Innerhalb der Diskussion um Gewerbefl\u00e4chen im Rahmen der Aufstellung des Regionalplanes ist[&#8230;]<\/p>\n","protected":false},"author":1,"featured_media":247,"comment_status":"closed","ping_status":"closed","sticky":false,"template":"","format":"standard","meta":{"footnotes":""},"categories":[3],"tags":[6],"class_list":["post-245","post","type-post","status-publish","format-standard","has-post-thumbnail","hentry","category-aktuelles","tag-gewerbegebiete"],"_links":{"self":[{"href":"https:\/\/spd-toenisvorst.de\/index.php\/wp-json\/wp\/v2\/posts\/245","targetHints":{"allow":["GET"]}}],"collection":[{"href":"https:\/\/spd-toenisvorst.de\/index.php\/wp-json\/wp\/v2\/posts"}],"about":[{"href":"https:\/\/spd-toenisvorst.de\/index.php\/wp-json\/wp\/v2\/types\/post"}],"author":[{"embeddable":true,"href":"https:\/\/spd-toenisvorst.de\/index.php\/wp-json\/wp\/v2\/users\/1"}],"replies":[{"embeddable":true,"href":"https:\/\/spd-toenisvorst.de\/index.php\/wp-json\/wp\/v2\/comments?post=245"}],"version-history":[{"count":1,"href":"https:\/\/spd-toenisvorst.de\/index.php\/wp-json\/wp\/v2\/posts\/245\/revisions"}],"predecessor-version":[{"id":248,"href":"https:\/\/spd-toenisvorst.de\/index.php\/wp-json\/wp\/v2\/posts\/245\/revisions\/248"}],"wp:featuredmedia":[{"embeddable":true,"href":"https:\/\/spd-toenisvorst.de\/index.php\/wp-json\/wp\/v2\/media\/247"}],"wp:attachment":[{"href":"https:\/\/spd-toenisvorst.de\/index.php\/wp-json\/wp\/v2\/media?parent=245"}],"wp:term":[{"taxonomy":"category","embeddable":true,"href":"https:\/\/spd-toenisvorst.de\/index.php\/wp-json\/wp\/v2\/categories?post=245"},{"taxonomy":"post_tag","embeddable":true,"href":"https:\/\/spd-toenisvorst.de\/index.php\/wp-json\/wp\/v2\/tags?post=245"}],"curies":[{"name":"wp","href":"https:\/\/api.w.org\/{rel}","templated":true}]}}