{"id":1929,"date":"2026-05-02T12:01:17","date_gmt":"2026-05-02T10:01:17","guid":{"rendered":"https:\/\/spd-toenisvorst.de\/?p=1929"},"modified":"2026-05-02T12:01:17","modified_gmt":"2026-05-02T10:01:17","slug":"gutachten-schulen-beschlossen","status":"publish","type":"post","link":"https:\/\/spd-toenisvorst.de\/index.php\/2026\/05\/02\/gutachten-schulen-beschlossen\/","title":{"rendered":"Gutachten Schulen beschlossen"},"content":{"rendered":"\n<p>Gemeinsamer Beschluss im Stadtrat zu weiterf\u00fchrenden Schulen von CDU, SPD, Gr\u00fcne und FDP.<\/p>\n\n\n\n<p>Der Antrag zur Zukunft der weiterf\u00fchrenden Schulen \u2013 gemeinsam mit CDU, SPD, Gr\u00fcnen und FDP \u2013 wurde mit breiter Mehrheit beschlossen.<\/p>\n\n\n\n<p>Nach intensiven Gespr\u00e4chen in den letzten Monaten wird nun ein Gutachten beauftragt, das f\u00fcr Klarheit und Planungssicherheit sorgen wird.<\/p>\n\n\n\n<p>Schade, dass es Versuche gab, die Zusammenarbeit zu st\u00f6ren und politische Kehrtwenden zu vollziehen. Umso wichtiger bleibt ein konstruktiver Umgang im Stadtrat.<\/p>\n\n\n\n<p>Danke f\u00fcr die Zusammenarbeit.<\/p>\n","protected":false},"excerpt":{"rendered":"<p>Gemeinsamer Beschluss im Stadtrat zu weiterf\u00fchrenden Schulen von CDU, SPD, Gr\u00fcne und FDP. Der Antrag zur Zukunft der weiterf\u00fchrenden Schulen[&#8230;]<\/p>\n","protected":false},"author":4,"featured_media":1131,"comment_status":"closed","ping_status":"closed","sticky":false,"template":"","format":"standard","meta":{"footnotes":""},"categories":[1],"tags":[],"class_list":["post-1929","post","type-post","status-publish","format-standard","has-post-thumbnail","hentry","category-uncategorized"],"_links":{"self":[{"href":"https:\/\/spd-toenisvorst.de\/index.php\/wp-json\/wp\/v2\/posts\/1929","targetHints":{"allow":["GET"]}}],"collection":[{"href":"https:\/\/spd-toenisvorst.de\/index.php\/wp-json\/wp\/v2\/posts"}],"about":[{"href":"https:\/\/spd-toenisvorst.de\/index.php\/wp-json\/wp\/v2\/types\/post"}],"author":[{"embeddable":true,"href":"https:\/\/spd-toenisvorst.de\/index.php\/wp-json\/wp\/v2\/users\/4"}],"replies":[{"embeddable":true,"href":"https:\/\/spd-toenisvorst.de\/index.php\/wp-json\/wp\/v2\/comments?post=1929"}],"version-history":[{"count":1,"href":"https:\/\/spd-toenisvorst.de\/index.php\/wp-json\/wp\/v2\/posts\/1929\/revisions"}],"predecessor-version":[{"id":1930,"href":"https:\/\/spd-toenisvorst.de\/index.php\/wp-json\/wp\/v2\/posts\/1929\/revisions\/1930"}],"wp:featuredmedia":[{"embeddable":true,"href":"https:\/\/spd-toenisvorst.de\/index.php\/wp-json\/wp\/v2\/media\/1131"}],"wp:attachment":[{"href":"https:\/\/spd-toenisvorst.de\/index.php\/wp-json\/wp\/v2\/media?parent=1929"}],"wp:term":[{"taxonomy":"category","embeddable":true,"href":"https:\/\/spd-toenisvorst.de\/index.php\/wp-json\/wp\/v2\/categories?post=1929"},{"taxonomy":"post_tag","embeddable":true,"href":"https:\/\/spd-toenisvorst.de\/index.php\/wp-json\/wp\/v2\/tags?post=1929"}],"curies":[{"name":"wp","href":"https:\/\/api.w.org\/{rel}","templated":true}]}}