{"id":1916,"date":"2026-03-14T18:59:23","date_gmt":"2026-03-14T16:59:23","guid":{"rendered":"https:\/\/spd-toenisvorst.de\/?p=1916"},"modified":"2026-03-14T19:01:28","modified_gmt":"2026-03-14T17:01:28","slug":"neuer-vorstand-der-spd-toenisvorst","status":"publish","type":"post","link":"https:\/\/spd-toenisvorst.de\/index.php\/2026\/03\/14\/neuer-vorstand-der-spd-toenisvorst\/","title":{"rendered":"Neuer Vorstand der SPD T\u00f6nisvorst"},"content":{"rendered":"\n<p>Der Ortsverein der SPD T\u00f6nisvorst hat einen neuen Vorstand gew\u00e4hlt. Dabei best\u00e4tigten die Mitglieder weitgehend die bisherige F\u00fchrung.<\/p>\n\n\n\n<h3 class=\"wp-block-heading\"><\/h3>\n\n\n\n<ul class=\"wp-block-list\">\n<li><strong>Vorsitzender:<\/strong> Helge Schwarz<\/li>\n\n\n\n<li><strong>Stellvertretende Vorsitzende:<\/strong> Vanessa Dorenbeck<\/li>\n\n\n\n<li><strong>Schatzmeister:<\/strong> J\u00fcrgen Rahn<\/li>\n\n\n\n<li><strong>Schriftf\u00fchrer:<\/strong> Benno Henschen<\/li>\n\n\n\n<li><strong>Beisitzer:<\/strong> Silke Depta, Achim van den Heuvel, Tanja Sanders<\/li>\n<\/ul>\n\n\n\n<p>Die Wahl fand im Rahmen einer Mitgliederversammlung im Ratssaal statt. Laut Partei sollte die Wiederwahl f\u00fcr <strong>Kontinuit\u00e4t und Stabilit\u00e4t<\/strong> sorgen und die bisherige politische Linie des Ortsvereins best\u00e4tigen.<\/p>\n\n\n\n<p><\/p>\n","protected":false},"excerpt":{"rendered":"<p>Der Ortsverein der SPD T\u00f6nisvorst hat einen neuen Vorstand gew\u00e4hlt. Dabei best\u00e4tigten die Mitglieder weitgehend die bisherige F\u00fchrung. Die Wahl[&#8230;]<\/p>\n","protected":false},"author":4,"featured_media":1917,"comment_status":"closed","ping_status":"closed","sticky":false,"template":"","format":"standard","meta":{"footnotes":""},"categories":[3,5],"tags":[],"class_list":["post-1916","post","type-post","status-publish","format-standard","has-post-thumbnail","hentry","category-aktuelles","category-presse"],"_links":{"self":[{"href":"https:\/\/spd-toenisvorst.de\/index.php\/wp-json\/wp\/v2\/posts\/1916","targetHints":{"allow":["GET"]}}],"collection":[{"href":"https:\/\/spd-toenisvorst.de\/index.php\/wp-json\/wp\/v2\/posts"}],"about":[{"href":"https:\/\/spd-toenisvorst.de\/index.php\/wp-json\/wp\/v2\/types\/post"}],"author":[{"embeddable":true,"href":"https:\/\/spd-toenisvorst.de\/index.php\/wp-json\/wp\/v2\/users\/4"}],"replies":[{"embeddable":true,"href":"https:\/\/spd-toenisvorst.de\/index.php\/wp-json\/wp\/v2\/comments?post=1916"}],"version-history":[{"count":3,"href":"https:\/\/spd-toenisvorst.de\/index.php\/wp-json\/wp\/v2\/posts\/1916\/revisions"}],"predecessor-version":[{"id":1921,"href":"https:\/\/spd-toenisvorst.de\/index.php\/wp-json\/wp\/v2\/posts\/1916\/revisions\/1921"}],"wp:featuredmedia":[{"embeddable":true,"href":"https:\/\/spd-toenisvorst.de\/index.php\/wp-json\/wp\/v2\/media\/1917"}],"wp:attachment":[{"href":"https:\/\/spd-toenisvorst.de\/index.php\/wp-json\/wp\/v2\/media?parent=1916"}],"wp:term":[{"taxonomy":"category","embeddable":true,"href":"https:\/\/spd-toenisvorst.de\/index.php\/wp-json\/wp\/v2\/categories?post=1916"},{"taxonomy":"post_tag","embeddable":true,"href":"https:\/\/spd-toenisvorst.de\/index.php\/wp-json\/wp\/v2\/tags?post=1916"}],"curies":[{"name":"wp","href":"https:\/\/api.w.org\/{rel}","templated":true}]}}