{"id":1912,"date":"2026-01-24T14:58:10","date_gmt":"2026-01-24T12:58:10","guid":{"rendered":"https:\/\/spd-toenisvorst.de\/?p=1912"},"modified":"2026-01-24T14:58:10","modified_gmt":"2026-01-24T12:58:10","slug":"landtagswahl-2027-nrwspd-vorstand-nominiert-jochen-ott-als-spitzenkandidaten-nrwspd","status":"publish","type":"post","link":"https:\/\/spd-toenisvorst.de\/index.php\/2026\/01\/24\/landtagswahl-2027-nrwspd-vorstand-nominiert-jochen-ott-als-spitzenkandidaten-nrwspd\/","title":{"rendered":"Landtagswahl 2027: NRWSPD-Vorstand nominiert Jochen Ott als Spitzenkandidaten \u203a NRWSPD"},"content":{"rendered":"\n<p>Jochen Ott will Ministerpr\u00e4sident von Nordrhein-Westfalen werden. Der Landesvorstand der NRWSPD hat den 51-j\u00e4hrigen K\u00f6lner als Spitzenkandidaten f\u00fcr die Landtagswahl 2027 am Freitag einstimmig nominiert. Ott hat sich vor allem eines vorgenommen: NRW wieder gerecht machen.<\/p>\n\n\n\n<p><\/p>\n","protected":false},"excerpt":{"rendered":"<p>Jochen Ott will Ministerpr\u00e4sident von Nordrhein-Westfalen werden. Der Landesvorstand der NRWSPD hat den 51-j\u00e4hrigen K\u00f6lner als Spitzenkandidaten f\u00fcr die Landtagswahl[&#8230;]<\/p>\n","protected":false},"author":4,"featured_media":1913,"comment_status":"closed","ping_status":"closed","sticky":false,"template":"","format":"standard","meta":{"footnotes":""},"categories":[1],"tags":[],"class_list":["post-1912","post","type-post","status-publish","format-standard","has-post-thumbnail","hentry","category-uncategorized"],"_links":{"self":[{"href":"https:\/\/spd-toenisvorst.de\/index.php\/wp-json\/wp\/v2\/posts\/1912","targetHints":{"allow":["GET"]}}],"collection":[{"href":"https:\/\/spd-toenisvorst.de\/index.php\/wp-json\/wp\/v2\/posts"}],"about":[{"href":"https:\/\/spd-toenisvorst.de\/index.php\/wp-json\/wp\/v2\/types\/post"}],"author":[{"embeddable":true,"href":"https:\/\/spd-toenisvorst.de\/index.php\/wp-json\/wp\/v2\/users\/4"}],"replies":[{"embeddable":true,"href":"https:\/\/spd-toenisvorst.de\/index.php\/wp-json\/wp\/v2\/comments?post=1912"}],"version-history":[{"count":1,"href":"https:\/\/spd-toenisvorst.de\/index.php\/wp-json\/wp\/v2\/posts\/1912\/revisions"}],"predecessor-version":[{"id":1914,"href":"https:\/\/spd-toenisvorst.de\/index.php\/wp-json\/wp\/v2\/posts\/1912\/revisions\/1914"}],"wp:featuredmedia":[{"embeddable":true,"href":"https:\/\/spd-toenisvorst.de\/index.php\/wp-json\/wp\/v2\/media\/1913"}],"wp:attachment":[{"href":"https:\/\/spd-toenisvorst.de\/index.php\/wp-json\/wp\/v2\/media?parent=1912"}],"wp:term":[{"taxonomy":"category","embeddable":true,"href":"https:\/\/spd-toenisvorst.de\/index.php\/wp-json\/wp\/v2\/categories?post=1912"},{"taxonomy":"post_tag","embeddable":true,"href":"https:\/\/spd-toenisvorst.de\/index.php\/wp-json\/wp\/v2\/tags?post=1912"}],"curies":[{"name":"wp","href":"https:\/\/api.w.org\/{rel}","templated":true}]}}