{"id":1907,"date":"2026-01-04T17:42:36","date_gmt":"2026-01-04T15:42:36","guid":{"rendered":"https:\/\/spd-toenisvorst.de\/?p=1907"},"modified":"2026-01-04T17:43:59","modified_gmt":"2026-01-04T15:43:59","slug":"ulrike-zitz-mit-dietrich-buettner-medaille-ausgezeichnet","status":"publish","type":"post","link":"https:\/\/spd-toenisvorst.de\/index.php\/2026\/01\/04\/ulrike-zitz-mit-dietrich-buettner-medaille-ausgezeichnet\/","title":{"rendered":"Ulrike Zitz mit Dietrich B\u00fcttner Medaille ausgezeichnet!"},"content":{"rendered":"\n<p><\/p>\n\n\n\n<p>Mit dieser Auszeichnung m\u00f6chte die SPD T\u00f6nisvorst anl\u00e4sslich ihres 80. Geburtstages ihr Engagement und ihre Leistungen w\u00fcrdigen.<\/p>\n\n\n\n<p>Liebe Ulrike, Du hast Dich dem Ziel verschrieben, sozialdemokratische Werte wie Demokratie, Vielfalt und Toleranz in unserer Stadt zu st\u00e4rken. In einer Welt, die zunehmend von Herausforderungen und gesellschaftlichen Spannungen gepr\u00e4gt ist, danken wir Dir f\u00fcr den jahrzehntelangen, engagierten Einsatz im Ortsverein und im Rat der Stadt T\u00f6nisvorst, ebenso im Kreisverband Viersen.<\/p>\n\n\n\n<p>Ortsverein und Fraktion<\/p>\n","protected":false},"excerpt":{"rendered":"<p>Mit dieser Auszeichnung m\u00f6chte die SPD T\u00f6nisvorst anl\u00e4sslich ihres 80. Geburtstages ihr Engagement und ihre Leistungen w\u00fcrdigen. Liebe Ulrike, Du[&#8230;]<\/p>\n","protected":false},"author":4,"featured_media":1909,"comment_status":"closed","ping_status":"closed","sticky":false,"template":"","format":"standard","meta":{"footnotes":""},"categories":[3,5],"tags":[],"class_list":["post-1907","post","type-post","status-publish","format-standard","has-post-thumbnail","hentry","category-aktuelles","category-presse"],"_links":{"self":[{"href":"https:\/\/spd-toenisvorst.de\/index.php\/wp-json\/wp\/v2\/posts\/1907","targetHints":{"allow":["GET"]}}],"collection":[{"href":"https:\/\/spd-toenisvorst.de\/index.php\/wp-json\/wp\/v2\/posts"}],"about":[{"href":"https:\/\/spd-toenisvorst.de\/index.php\/wp-json\/wp\/v2\/types\/post"}],"author":[{"embeddable":true,"href":"https:\/\/spd-toenisvorst.de\/index.php\/wp-json\/wp\/v2\/users\/4"}],"replies":[{"embeddable":true,"href":"https:\/\/spd-toenisvorst.de\/index.php\/wp-json\/wp\/v2\/comments?post=1907"}],"version-history":[{"count":2,"href":"https:\/\/spd-toenisvorst.de\/index.php\/wp-json\/wp\/v2\/posts\/1907\/revisions"}],"predecessor-version":[{"id":1910,"href":"https:\/\/spd-toenisvorst.de\/index.php\/wp-json\/wp\/v2\/posts\/1907\/revisions\/1910"}],"wp:featuredmedia":[{"embeddable":true,"href":"https:\/\/spd-toenisvorst.de\/index.php\/wp-json\/wp\/v2\/media\/1909"}],"wp:attachment":[{"href":"https:\/\/spd-toenisvorst.de\/index.php\/wp-json\/wp\/v2\/media?parent=1907"}],"wp:term":[{"taxonomy":"category","embeddable":true,"href":"https:\/\/spd-toenisvorst.de\/index.php\/wp-json\/wp\/v2\/categories?post=1907"},{"taxonomy":"post_tag","embeddable":true,"href":"https:\/\/spd-toenisvorst.de\/index.php\/wp-json\/wp\/v2\/tags?post=1907"}],"curies":[{"name":"wp","href":"https:\/\/api.w.org\/{rel}","templated":true}]}}