{"id":1892,"date":"2025-10-22T15:39:08","date_gmt":"2025-10-22T13:39:08","guid":{"rendered":"https:\/\/spd-toenisvorst.de\/?p=1892"},"modified":"2025-10-22T15:40:30","modified_gmt":"2025-10-22T13:40:30","slug":"toenisvorster-spd-fraktion-hat-sich-konstituiert","status":"publish","type":"post","link":"https:\/\/spd-toenisvorst.de\/index.php\/2025\/10\/22\/toenisvorster-spd-fraktion-hat-sich-konstituiert\/","title":{"rendered":"T\u00f6nisvorster SPD Fraktion hat sich konstituiert.\u00a0"},"content":{"rendered":"\n<p>Best\u00e4tig wurden einstimmig Hans Joachim Kremser als Fraktionsvorsitzender, Helge Schwarz als stellv. Fraktionsvorsitzender und Timo Sch\u00f6nen als Fraktionsgesch\u00e4ftsf\u00fchrer. &nbsp;<\/p>\n\n\n\n<p>Der neue Fraktionsvorsitzende best\u00e4tigt die Ziele der sozialdemokratischen Politik in den n\u00e4chsten Jahren: \u201eFast 30.000 Menschen sind in T\u00f6nisvorst zuhause. Wir wollen, dass alle hier gut und bezahlbar wohnen k\u00f6nnen und sich dabei sicher und frei f\u00fchlen.<\/p>\n\n\n\n<p>Unsere Stadtteile d\u00fcrfen nicht ver\u00f6den, sondern m\u00fcssen auch in Zukunft attraktive R\u00e4ume bleiben. Deshalb wollen wir dauerhaft leerstehende Immobilien wieder mit Leben f\u00fcllen.<\/p>\n\n\n\n<p>Vereine sind enorm wichtig f\u00fcr sozialen Zusammenhalt und bilden unsere Gesellschaft ab. F\u00fcr Kinder und Jugendliche. Wir unterst\u00fctzen die Vereine darin, ein m\u00f6glichst breites Angebot zu machen und ihre Pl\u00e4ne zu verwirklichen\u201c<\/p>\n","protected":false},"excerpt":{"rendered":"<p>Best\u00e4tig wurden einstimmig Hans Joachim Kremser als Fraktionsvorsitzender, Helge Schwarz als stellv. Fraktionsvorsitzender und Timo Sch\u00f6nen als Fraktionsgesch\u00e4ftsf\u00fchrer. &nbsp; Der[&#8230;]<\/p>\n","protected":false},"author":4,"featured_media":1895,"comment_status":"closed","ping_status":"closed","sticky":false,"template":"","format":"standard","meta":{"footnotes":""},"categories":[3,5],"tags":[],"class_list":["post-1892","post","type-post","status-publish","format-standard","has-post-thumbnail","hentry","category-aktuelles","category-presse"],"_links":{"self":[{"href":"https:\/\/spd-toenisvorst.de\/index.php\/wp-json\/wp\/v2\/posts\/1892","targetHints":{"allow":["GET"]}}],"collection":[{"href":"https:\/\/spd-toenisvorst.de\/index.php\/wp-json\/wp\/v2\/posts"}],"about":[{"href":"https:\/\/spd-toenisvorst.de\/index.php\/wp-json\/wp\/v2\/types\/post"}],"author":[{"embeddable":true,"href":"https:\/\/spd-toenisvorst.de\/index.php\/wp-json\/wp\/v2\/users\/4"}],"replies":[{"embeddable":true,"href":"https:\/\/spd-toenisvorst.de\/index.php\/wp-json\/wp\/v2\/comments?post=1892"}],"version-history":[{"count":1,"href":"https:\/\/spd-toenisvorst.de\/index.php\/wp-json\/wp\/v2\/posts\/1892\/revisions"}],"predecessor-version":[{"id":1894,"href":"https:\/\/spd-toenisvorst.de\/index.php\/wp-json\/wp\/v2\/posts\/1892\/revisions\/1894"}],"wp:featuredmedia":[{"embeddable":true,"href":"https:\/\/spd-toenisvorst.de\/index.php\/wp-json\/wp\/v2\/media\/1895"}],"wp:attachment":[{"href":"https:\/\/spd-toenisvorst.de\/index.php\/wp-json\/wp\/v2\/media?parent=1892"}],"wp:term":[{"taxonomy":"category","embeddable":true,"href":"https:\/\/spd-toenisvorst.de\/index.php\/wp-json\/wp\/v2\/categories?post=1892"},{"taxonomy":"post_tag","embeddable":true,"href":"https:\/\/spd-toenisvorst.de\/index.php\/wp-json\/wp\/v2\/tags?post=1892"}],"curies":[{"name":"wp","href":"https:\/\/api.w.org\/{rel}","templated":true}]}}