{"id":1806,"date":"2025-09-01T10:25:32","date_gmt":"2025-09-01T08:25:32","guid":{"rendered":"https:\/\/spd-toenisvorst.de\/?p=1806"},"modified":"2025-09-01T10:25:32","modified_gmt":"2025-09-01T08:25:32","slug":"wir-wollen-tiny-haeuser-ermoeglichen","status":"publish","type":"post","link":"https:\/\/spd-toenisvorst.de\/index.php\/2025\/09\/01\/wir-wollen-tiny-haeuser-ermoeglichen\/","title":{"rendered":"Wir wollen Tiny H\u00e4user erm\u00f6glichen&#8230;"},"content":{"rendered":"\n<p>Die SPD T\u00f6nisvorst will den Weg weiterhin freimachen f\u00fcr das Tiny-House-Projekt auf dem ehemaligen Kasernengel\u00e4nde auf T\u00f6nisvorster Gebiet im Forstwald. Die vielen <a><\/a>positiven Reaktionen ermutigen uns\u2026<\/p>\n\n\n\n<p>Darum:<\/p>\n\n\n\n<p>Eine Tiny House Siedlung schafft eine enge Gemeinschaft, f\u00f6rdert sozialen Austausch und gemeinsames Engagement, was das Zusammenleben im Forstwald bereichert.<\/p>\n\n\n\n<p>Tiny Houses bieten eine kosteng\u00fcnstige Alternative zum traditionellen Wohnungsmarkt, was insbesondere f\u00fcr junge Menschen und Senioren attraktiv ist.<\/p>\n\n\n\n<p>Das Kasernengel\u00e4nde im T\u00f6nisvorster Teil im Forstwald bietet die M\u00f6glichkeit, ungenutzte Fl\u00e4chen sinnvoll und \u00f6kologisch vertr\u00e4glich zu entwickeln, ohne die Natur zu beein-tr\u00e4chtigen.<\/p>\n\n\n\n<p>Das Projekt setzt auf zukunftsweisende Wohnformen, die Flexibilit\u00e4t und Anpassungs-f\u00e4higkeit bieten, und kann als Vorbild f\u00fcr nachhaltiges Bauen in der Region dienen.<\/p>\n\n\n\n<p>Die Siedlung kann so gestaltet werden, dass sie das Naturerlebnis f\u00f6rdert, z.B. durch naturnahe Gestaltung, Wanderwege und Gemeinschaftsg\u00e4rten.<\/p>\n\n\n\n<p>Tiny Houses verbrauchen weniger Ressourcen, sind energieeffizient und f\u00f6rdern einen nachhaltigen Lebensstil.<\/p>\n\n\n\n<p>Unser Auftrag:<\/p>\n\n\n\n<p>In Verbindung mit dem Berliner Koalitionsvertrag und dem beschlossenen Bau Turbo muss die Verwaltung pr\u00fcfen, ob das Bundes Eigentum an dem Gel\u00e4nde g\u00fcnstig an ein passendes Tiny House Projekt verkauft werden kann. Wir werden die Verwaltung auffordern, Gespr\u00e4che mit dem Eigent\u00fcmer, dem Bund, zu f\u00fchren, eine Machbar-keitsstudie zu beauftragen und die vielen interessierten B\u00fcrger fr\u00fchzeitig einzubinden.<\/p>\n","protected":false},"excerpt":{"rendered":"<p>Die SPD T\u00f6nisvorst will den Weg weiterhin freimachen f\u00fcr das Tiny-House-Projekt auf dem ehemaligen Kasernengel\u00e4nde auf T\u00f6nisvorster Gebiet im Forstwald.[&#8230;]<\/p>\n","protected":false},"author":4,"featured_media":1807,"comment_status":"closed","ping_status":"closed","sticky":false,"template":"","format":"standard","meta":{"footnotes":""},"categories":[3,5],"tags":[],"class_list":["post-1806","post","type-post","status-publish","format-standard","has-post-thumbnail","hentry","category-aktuelles","category-presse"],"_links":{"self":[{"href":"https:\/\/spd-toenisvorst.de\/index.php\/wp-json\/wp\/v2\/posts\/1806","targetHints":{"allow":["GET"]}}],"collection":[{"href":"https:\/\/spd-toenisvorst.de\/index.php\/wp-json\/wp\/v2\/posts"}],"about":[{"href":"https:\/\/spd-toenisvorst.de\/index.php\/wp-json\/wp\/v2\/types\/post"}],"author":[{"embeddable":true,"href":"https:\/\/spd-toenisvorst.de\/index.php\/wp-json\/wp\/v2\/users\/4"}],"replies":[{"embeddable":true,"href":"https:\/\/spd-toenisvorst.de\/index.php\/wp-json\/wp\/v2\/comments?post=1806"}],"version-history":[{"count":1,"href":"https:\/\/spd-toenisvorst.de\/index.php\/wp-json\/wp\/v2\/posts\/1806\/revisions"}],"predecessor-version":[{"id":1808,"href":"https:\/\/spd-toenisvorst.de\/index.php\/wp-json\/wp\/v2\/posts\/1806\/revisions\/1808"}],"wp:featuredmedia":[{"embeddable":true,"href":"https:\/\/spd-toenisvorst.de\/index.php\/wp-json\/wp\/v2\/media\/1807"}],"wp:attachment":[{"href":"https:\/\/spd-toenisvorst.de\/index.php\/wp-json\/wp\/v2\/media?parent=1806"}],"wp:term":[{"taxonomy":"category","embeddable":true,"href":"https:\/\/spd-toenisvorst.de\/index.php\/wp-json\/wp\/v2\/categories?post=1806"},{"taxonomy":"post_tag","embeddable":true,"href":"https:\/\/spd-toenisvorst.de\/index.php\/wp-json\/wp\/v2\/tags?post=1806"}],"curies":[{"name":"wp","href":"https:\/\/api.w.org\/{rel}","templated":true}]}}