{"id":1797,"date":"2025-08-17T12:46:59","date_gmt":"2025-08-17T10:46:59","guid":{"rendered":"https:\/\/spd-toenisvorst.de\/?p=1797"},"modified":"2025-08-17T12:48:39","modified_gmt":"2025-08-17T10:48:39","slug":"spd-zum-thema-wohnen","status":"publish","type":"post","link":"https:\/\/spd-toenisvorst.de\/index.php\/2025\/08\/17\/spd-zum-thema-wohnen\/","title":{"rendered":"SPD zum Thema Wohnen"},"content":{"rendered":"\n<p>Die zentralen Ziele der T\u00f6nisvorster SPD zum Thema Wohnen in den n\u00e4chsten Jahren:<\/p>\n\n\n\n<p>Wohnraum f\u00fcr alle Bev\u00f6lkerungsgruppen in T\u00f6nisvorst. Unsere Stadt w\u00e4chst \u2013 und das ist gut so. Doch Wachstum darf nicht bedeuten, dass nur wenige in teuren Pal\u00e4sten wohnen, w\u00e4hrend viele nach bezahlbarem Wohnraum suchen. In T\u00f6nisvorst brauchen wir eine Wohnungspolitik, die allen Menschen eine gute, sichere und leistbare Bleibe erm\u00f6glicht. Gemischte Nachbarschaften st\u00e4rken das Zusammenleben, erm\u00f6glichen Austausch und sichern nachhaltige lokale Wirtschaftskraft.<\/p>\n\n\n\n<p>Bezahlbarer Wohnraum f\u00fcr alle: Wir haben mit befreundeten Fraktionen zusammen im Rat mit einer deutlichen Mehrheit einen festen Anteil an gef\u00f6rdertem und dauerhaft bezahlbarem Wohnraum in neuen und bestehenden Vierteln von 30% beschlossen. Wir wollen dar\u00fcber hinaus weitere Wohnungen schaffen in unterschiedlicher Gr\u00f6\u00dfe, altersgerecht, barrierefrei, inklusiv gestaltet und gut in das T\u00f6nisvorster Leben integrierbar, damit Jung wie Alt, Familien, Singles, und Menschen mit Behinderungen gleicherma\u00dfen Teil der Gemeinschaft bleiben.<\/p>\n\n\n\n<p>Das bedeutet: Innerst\u00e4dtische Fl\u00e4chen und Fl\u00e4chen aus dem Regionalplan f\u00fcr bezahlbaren Wohnungsbau in T\u00f6nisvorst sichern und mehr gef\u00f6rderten Wohnraum in Neubaugebieten vorsehen. So werden in T\u00f6nisvorst mehr Menschen ein gutes Zuhause finden!<\/p>\n","protected":false},"excerpt":{"rendered":"<p>Die zentralen Ziele der T\u00f6nisvorster SPD zum Thema Wohnen in den n\u00e4chsten Jahren: Wohnraum f\u00fcr alle Bev\u00f6lkerungsgruppen in T\u00f6nisvorst. Unsere[&#8230;]<\/p>\n","protected":false},"author":4,"featured_media":1800,"comment_status":"closed","ping_status":"closed","sticky":false,"template":"","format":"standard","meta":{"footnotes":""},"categories":[3,5],"tags":[],"class_list":["post-1797","post","type-post","status-publish","format-standard","has-post-thumbnail","hentry","category-aktuelles","category-presse"],"_links":{"self":[{"href":"https:\/\/spd-toenisvorst.de\/index.php\/wp-json\/wp\/v2\/posts\/1797","targetHints":{"allow":["GET"]}}],"collection":[{"href":"https:\/\/spd-toenisvorst.de\/index.php\/wp-json\/wp\/v2\/posts"}],"about":[{"href":"https:\/\/spd-toenisvorst.de\/index.php\/wp-json\/wp\/v2\/types\/post"}],"author":[{"embeddable":true,"href":"https:\/\/spd-toenisvorst.de\/index.php\/wp-json\/wp\/v2\/users\/4"}],"replies":[{"embeddable":true,"href":"https:\/\/spd-toenisvorst.de\/index.php\/wp-json\/wp\/v2\/comments?post=1797"}],"version-history":[{"count":1,"href":"https:\/\/spd-toenisvorst.de\/index.php\/wp-json\/wp\/v2\/posts\/1797\/revisions"}],"predecessor-version":[{"id":1799,"href":"https:\/\/spd-toenisvorst.de\/index.php\/wp-json\/wp\/v2\/posts\/1797\/revisions\/1799"}],"wp:featuredmedia":[{"embeddable":true,"href":"https:\/\/spd-toenisvorst.de\/index.php\/wp-json\/wp\/v2\/media\/1800"}],"wp:attachment":[{"href":"https:\/\/spd-toenisvorst.de\/index.php\/wp-json\/wp\/v2\/media?parent=1797"}],"wp:term":[{"taxonomy":"category","embeddable":true,"href":"https:\/\/spd-toenisvorst.de\/index.php\/wp-json\/wp\/v2\/categories?post=1797"},{"taxonomy":"post_tag","embeddable":true,"href":"https:\/\/spd-toenisvorst.de\/index.php\/wp-json\/wp\/v2\/tags?post=1797"}],"curies":[{"name":"wp","href":"https:\/\/api.w.org\/{rel}","templated":true}]}}