{"id":1794,"date":"2025-08-15T14:48:49","date_gmt":"2025-08-15T12:48:49","guid":{"rendered":"https:\/\/spd-toenisvorst.de\/?p=1794"},"modified":"2025-08-15T14:48:49","modified_gmt":"2025-08-15T12:48:49","slug":"hartmut-kupfer","status":"publish","type":"post","link":"https:\/\/spd-toenisvorst.de\/index.php\/2025\/08\/15\/hartmut-kupfer\/","title":{"rendered":"Hartmut Kupfer +"},"content":{"rendered":"\n<p>In tiefer Trauer nehmen wir Abschied von unserem lieben Genossen Hartmut Kupfer (85)<\/p>\n\n\n\n<p>Hartmut war ein stetiger K\u00e4mpfer f\u00fcr die Sozialdemokratie in T\u00f6nisvorst. Wir werden <a><\/a>Ihm ein ehrendes Andenken bewahren.<\/p>\n\n\n\n<p><\/p>\n","protected":false},"excerpt":{"rendered":"<p>In tiefer Trauer nehmen wir Abschied von unserem lieben Genossen Hartmut Kupfer (85) Hartmut war ein stetiger K\u00e4mpfer f\u00fcr die[&#8230;]<\/p>\n","protected":false},"author":4,"featured_media":1795,"comment_status":"closed","ping_status":"closed","sticky":false,"template":"","format":"standard","meta":{"footnotes":""},"categories":[3,5],"tags":[],"class_list":["post-1794","post","type-post","status-publish","format-standard","has-post-thumbnail","hentry","category-aktuelles","category-presse"],"_links":{"self":[{"href":"https:\/\/spd-toenisvorst.de\/index.php\/wp-json\/wp\/v2\/posts\/1794","targetHints":{"allow":["GET"]}}],"collection":[{"href":"https:\/\/spd-toenisvorst.de\/index.php\/wp-json\/wp\/v2\/posts"}],"about":[{"href":"https:\/\/spd-toenisvorst.de\/index.php\/wp-json\/wp\/v2\/types\/post"}],"author":[{"embeddable":true,"href":"https:\/\/spd-toenisvorst.de\/index.php\/wp-json\/wp\/v2\/users\/4"}],"replies":[{"embeddable":true,"href":"https:\/\/spd-toenisvorst.de\/index.php\/wp-json\/wp\/v2\/comments?post=1794"}],"version-history":[{"count":1,"href":"https:\/\/spd-toenisvorst.de\/index.php\/wp-json\/wp\/v2\/posts\/1794\/revisions"}],"predecessor-version":[{"id":1796,"href":"https:\/\/spd-toenisvorst.de\/index.php\/wp-json\/wp\/v2\/posts\/1794\/revisions\/1796"}],"wp:featuredmedia":[{"embeddable":true,"href":"https:\/\/spd-toenisvorst.de\/index.php\/wp-json\/wp\/v2\/media\/1795"}],"wp:attachment":[{"href":"https:\/\/spd-toenisvorst.de\/index.php\/wp-json\/wp\/v2\/media?parent=1794"}],"wp:term":[{"taxonomy":"category","embeddable":true,"href":"https:\/\/spd-toenisvorst.de\/index.php\/wp-json\/wp\/v2\/categories?post=1794"},{"taxonomy":"post_tag","embeddable":true,"href":"https:\/\/spd-toenisvorst.de\/index.php\/wp-json\/wp\/v2\/tags?post=1794"}],"curies":[{"name":"wp","href":"https:\/\/api.w.org\/{rel}","templated":true}]}}