{"id":1738,"date":"2025-07-05T12:07:39","date_gmt":"2025-07-05T10:07:39","guid":{"rendered":"https:\/\/spd-toenisvorst.de\/?p=1738"},"modified":"2025-08-01T15:06:51","modified_gmt":"2025-08-01T13:06:51","slug":"politischer-nachmittag-mit-der-toenisvortser-bauernschaft","status":"publish","type":"post","link":"https:\/\/spd-toenisvorst.de\/index.php\/2025\/07\/05\/politischer-nachmittag-mit-der-toenisvortser-bauernschaft\/","title":{"rendered":"Politischer Nachmittag mit der T\u00f6nisvorster Bauernschaft"},"content":{"rendered":"\n<p><\/p>\n\n\n\n<p><a><\/a>Ein wichtiger Austausch mit den Vertretern der Ortsbauernschaft in T\u00f6nisvorst hat mir und den anderen B\u00fcrgermeisterkandidaten heute viele Einblicke in die t\u00e4glichen Herausforderungen derer gegeben, die so wertvoll f\u00fcr T\u00f6nisvorst sind und gleichzeitig unter enormen Herausforderungen stehen!<\/p>\n\n\n\n<p>In Gespr\u00e4chen haben David Nowak und Silke Depta klar zum Ausdruck gebracht, dass Kommunen ihren Landwirten im Umgang mit den klimatischen Ver\u00e4nderungen zur Seite stehen m\u00fcssen. Die Hitze der letzten Tage zeigt es deutlich: Die Herausforderungen f\u00fcr Landwirte werden immer gr\u00f6\u00dfer. Als Kommune konnen wir durch F\u00f6rderprogramme helfen, um Investitionen mit zu erm\u00f6glichen. Entsprechende Beratungen und Kontakte in Form eines st\u00e4ndigen Dialogforums sind m\u00f6gliche Ans\u00e4tze, die David Nowak und Silke Depta heute bereits angeregt habe bei dem Termin.<\/p>\n\n\n\n<p>Dankesch\u00f6n an diejenigen die wir heute getroffen haben und die ein so wichtiger Bestandteil des Lebens und Arbeitens in T\u00f6nisvorst sind. Die SPD T\u00f6nisvorst freut auf weitere Gespr\u00e4che und Treffen.<\/p>\n","protected":false},"excerpt":{"rendered":"<p>Ein wichtiger Austausch mit den Vertretern der Ortsbauernschaft in T\u00f6nisvorst hat mir und den anderen B\u00fcrgermeisterkandidaten heute viele Einblicke in[&#8230;]<\/p>\n","protected":false},"author":4,"featured_media":1739,"comment_status":"closed","ping_status":"closed","sticky":false,"template":"","format":"standard","meta":{"footnotes":""},"categories":[3],"tags":[],"class_list":["post-1738","post","type-post","status-publish","format-standard","has-post-thumbnail","hentry","category-aktuelles"],"_links":{"self":[{"href":"https:\/\/spd-toenisvorst.de\/index.php\/wp-json\/wp\/v2\/posts\/1738","targetHints":{"allow":["GET"]}}],"collection":[{"href":"https:\/\/spd-toenisvorst.de\/index.php\/wp-json\/wp\/v2\/posts"}],"about":[{"href":"https:\/\/spd-toenisvorst.de\/index.php\/wp-json\/wp\/v2\/types\/post"}],"author":[{"embeddable":true,"href":"https:\/\/spd-toenisvorst.de\/index.php\/wp-json\/wp\/v2\/users\/4"}],"replies":[{"embeddable":true,"href":"https:\/\/spd-toenisvorst.de\/index.php\/wp-json\/wp\/v2\/comments?post=1738"}],"version-history":[{"count":2,"href":"https:\/\/spd-toenisvorst.de\/index.php\/wp-json\/wp\/v2\/posts\/1738\/revisions"}],"predecessor-version":[{"id":1783,"href":"https:\/\/spd-toenisvorst.de\/index.php\/wp-json\/wp\/v2\/posts\/1738\/revisions\/1783"}],"wp:featuredmedia":[{"embeddable":true,"href":"https:\/\/spd-toenisvorst.de\/index.php\/wp-json\/wp\/v2\/media\/1739"}],"wp:attachment":[{"href":"https:\/\/spd-toenisvorst.de\/index.php\/wp-json\/wp\/v2\/media?parent=1738"}],"wp:term":[{"taxonomy":"category","embeddable":true,"href":"https:\/\/spd-toenisvorst.de\/index.php\/wp-json\/wp\/v2\/categories?post=1738"},{"taxonomy":"post_tag","embeddable":true,"href":"https:\/\/spd-toenisvorst.de\/index.php\/wp-json\/wp\/v2\/tags?post=1738"}],"curies":[{"name":"wp","href":"https:\/\/api.w.org\/{rel}","templated":true}]}}