{"id":1733,"date":"2025-06-29T20:19:20","date_gmt":"2025-06-29T18:19:20","guid":{"rendered":"https:\/\/spd-toenisvorst.de\/?p=1733"},"modified":"2025-06-29T20:19:49","modified_gmt":"2025-06-29T18:19:49","slug":"sportstadt-toenisvorst","status":"publish","type":"post","link":"https:\/\/spd-toenisvorst.de\/index.php\/2025\/06\/29\/sportstadt-toenisvorst\/","title":{"rendered":"Sportstadt T\u00f6nisvorst!"},"content":{"rendered":"\n<p>Das Freundschaftsspiel SC St. T\u00f6nis gegen Fortuna D\u00fcsseldorf. Ein sportlicher Nachmittag m\u00f6glich gemacht vom Tagessponsor Yayla und David Novak&#8230;<\/p>\n\n\n\n<p>Christa Vo\u00dfdahl kommentiert: Oh, Mann, gro\u00dfartig<img loading=\"lazy\" decoding=\"async\" height=\"16\" width=\"16\" src=\"https:\/\/static.xx.fbcdn.net\/images\/emoji.php\/v9\/t3a\/3\/16\/1f44d.png\" alt=\"\ud83d\udc4d\">die Idee mit dem Fu\u00dfballspiel D\u00fcsseldorf gegen SC war schon toll, aber dann soooo ein Traumwetter, so unglaublich viele Fu\u00dfballbegeisterte das war genial. David hat als B\u00fcrgermeisterkandidat auf dem Platz gestanden und eine hervorragende Rede gehalten. Die Organisation des SC war ausgezeichnet, ebenso die Zusammensrbeit mit Yayla! Es gab reichlich zu trinken und Essen.<\/p>\n\n\n\n<figure class=\"wp-block-image size-large\"><img loading=\"lazy\" decoding=\"async\" width=\"1024\" height=\"768\" src=\"https:\/\/spd-toenisvorst.de\/wp-content\/uploads\/2025\/06\/WhatsApp-Bild-2025-06-29-um-20.10.06_3b8d106b-1024x768.jpg\" alt=\"\" class=\"wp-image-1734\" srcset=\"https:\/\/spd-toenisvorst.de\/wp-content\/uploads\/2025\/06\/WhatsApp-Bild-2025-06-29-um-20.10.06_3b8d106b-1024x768.jpg 1024w, https:\/\/spd-toenisvorst.de\/wp-content\/uploads\/2025\/06\/WhatsApp-Bild-2025-06-29-um-20.10.06_3b8d106b-300x225.jpg 300w, https:\/\/spd-toenisvorst.de\/wp-content\/uploads\/2025\/06\/WhatsApp-Bild-2025-06-29-um-20.10.06_3b8d106b-768x576.jpg 768w, https:\/\/spd-toenisvorst.de\/wp-content\/uploads\/2025\/06\/WhatsApp-Bild-2025-06-29-um-20.10.06_3b8d106b-1536x1152.jpg 1536w, https:\/\/spd-toenisvorst.de\/wp-content\/uploads\/2025\/06\/WhatsApp-Bild-2025-06-29-um-20.10.06_3b8d106b.jpg 2048w\" sizes=\"auto, (max-width: 1024px) 100vw, 1024px\" \/><\/figure>\n\n\n\n<figure class=\"wp-block-video\"><\/figure>\n\n\n\n<p><\/p>\n","protected":false},"excerpt":{"rendered":"<p>Das Freundschaftsspiel SC St. T\u00f6nis gegen Fortuna D\u00fcsseldorf. Ein sportlicher Nachmittag m\u00f6glich gemacht vom Tagessponsor Yayla und David Novak&#8230; Christa[&#8230;]<\/p>\n","protected":false},"author":4,"featured_media":1731,"comment_status":"closed","ping_status":"closed","sticky":false,"template":"","format":"standard","meta":{"footnotes":""},"categories":[1],"tags":[],"class_list":["post-1733","post","type-post","status-publish","format-standard","has-post-thumbnail","hentry","category-uncategorized"],"_links":{"self":[{"href":"https:\/\/spd-toenisvorst.de\/index.php\/wp-json\/wp\/v2\/posts\/1733","targetHints":{"allow":["GET"]}}],"collection":[{"href":"https:\/\/spd-toenisvorst.de\/index.php\/wp-json\/wp\/v2\/posts"}],"about":[{"href":"https:\/\/spd-toenisvorst.de\/index.php\/wp-json\/wp\/v2\/types\/post"}],"author":[{"embeddable":true,"href":"https:\/\/spd-toenisvorst.de\/index.php\/wp-json\/wp\/v2\/users\/4"}],"replies":[{"embeddable":true,"href":"https:\/\/spd-toenisvorst.de\/index.php\/wp-json\/wp\/v2\/comments?post=1733"}],"version-history":[{"count":2,"href":"https:\/\/spd-toenisvorst.de\/index.php\/wp-json\/wp\/v2\/posts\/1733\/revisions"}],"predecessor-version":[{"id":1736,"href":"https:\/\/spd-toenisvorst.de\/index.php\/wp-json\/wp\/v2\/posts\/1733\/revisions\/1736"}],"wp:featuredmedia":[{"embeddable":true,"href":"https:\/\/spd-toenisvorst.de\/index.php\/wp-json\/wp\/v2\/media\/1731"}],"wp:attachment":[{"href":"https:\/\/spd-toenisvorst.de\/index.php\/wp-json\/wp\/v2\/media?parent=1733"}],"wp:term":[{"taxonomy":"category","embeddable":true,"href":"https:\/\/spd-toenisvorst.de\/index.php\/wp-json\/wp\/v2\/categories?post=1733"},{"taxonomy":"post_tag","embeddable":true,"href":"https:\/\/spd-toenisvorst.de\/index.php\/wp-json\/wp\/v2\/tags?post=1733"}],"curies":[{"name":"wp","href":"https:\/\/api.w.org\/{rel}","templated":true}]}}