{"id":1730,"date":"2025-06-29T20:16:32","date_gmt":"2025-06-29T18:16:32","guid":{"rendered":"https:\/\/spd-toenisvorst.de\/?p=1730"},"modified":"2025-08-02T10:46:08","modified_gmt":"2025-08-02T08:46:08","slug":"david-nowak-holt-fortuna-duesseldorf-nach-toenisvorst","status":"publish","type":"post","link":"https:\/\/spd-toenisvorst.de\/index.php\/2025\/06\/29\/david-nowak-holt-fortuna-duesseldorf-nach-toenisvorst\/","title":{"rendered":"David Nowak holt Fortuna D\u00fcsseldorf nach T\u00f6nisvorst"},"content":{"rendered":"\n<figure class=\"wp-block-video\"><\/figure>\n\n\n\n<p>Das Freundschaftsspiel SC St. T\u00f6nis gegen Fortuna D\u00fcsseldorf. Ein sportlicher Nachmittag m\u00f6glich gemacht vom Tagessponsor Yayla und David Novak&#8230;<\/p>\n\n\n\n<p>Christa Vo\u00dfdahls kommentiert: Oh, Mann, gro\u00dfartig<img loading=\"lazy\" decoding=\"async\" height=\"16\" width=\"16\" src=\"https:\/\/static.xx.fbcdn.net\/images\/emoji.php\/v9\/t3a\/3\/16\/1f44d.png\" alt=\"\ud83d\udc4d\">die Idee mit dem Fu\u00dfballspiel D\u00fcsseldorf gegen SC war schon toll, aber dann soooo ein Traumwetter, so unglaublich viele Fu\u00dfballbegeisterte das war genial. David hat als B\u00fcrgermeisterkandidat auf dem Platz gestanden und eine hervorragende Rede gehalten. Die Organisation des SC war ausgezeichnet, ebenso die Zusammensrbeit mit Yala! Es gab reichlich zu trinken und Essen.<\/p>\n","protected":false},"excerpt":{"rendered":"<p>Das Freundschaftsspiel SC St. T\u00f6nis gegen Fortuna D\u00fcsseldorf. Ein sportlicher Nachmittag m\u00f6glich gemacht vom Tagessponsor Yayla und David Novak&#8230; Christa[&#8230;]<\/p>\n","protected":false},"author":4,"featured_media":1731,"comment_status":"closed","ping_status":"closed","sticky":false,"template":"","format":"standard","meta":{"footnotes":""},"categories":[3,17],"tags":[],"class_list":["post-1730","post","type-post","status-publish","format-standard","has-post-thumbnail","hentry","category-aktuelles","category-www-david-nowak-tv"],"_links":{"self":[{"href":"https:\/\/spd-toenisvorst.de\/index.php\/wp-json\/wp\/v2\/posts\/1730","targetHints":{"allow":["GET"]}}],"collection":[{"href":"https:\/\/spd-toenisvorst.de\/index.php\/wp-json\/wp\/v2\/posts"}],"about":[{"href":"https:\/\/spd-toenisvorst.de\/index.php\/wp-json\/wp\/v2\/types\/post"}],"author":[{"embeddable":true,"href":"https:\/\/spd-toenisvorst.de\/index.php\/wp-json\/wp\/v2\/users\/4"}],"replies":[{"embeddable":true,"href":"https:\/\/spd-toenisvorst.de\/index.php\/wp-json\/wp\/v2\/comments?post=1730"}],"version-history":[{"count":2,"href":"https:\/\/spd-toenisvorst.de\/index.php\/wp-json\/wp\/v2\/posts\/1730\/revisions"}],"predecessor-version":[{"id":1785,"href":"https:\/\/spd-toenisvorst.de\/index.php\/wp-json\/wp\/v2\/posts\/1730\/revisions\/1785"}],"wp:featuredmedia":[{"embeddable":true,"href":"https:\/\/spd-toenisvorst.de\/index.php\/wp-json\/wp\/v2\/media\/1731"}],"wp:attachment":[{"href":"https:\/\/spd-toenisvorst.de\/index.php\/wp-json\/wp\/v2\/media?parent=1730"}],"wp:term":[{"taxonomy":"category","embeddable":true,"href":"https:\/\/spd-toenisvorst.de\/index.php\/wp-json\/wp\/v2\/categories?post=1730"},{"taxonomy":"post_tag","embeddable":true,"href":"https:\/\/spd-toenisvorst.de\/index.php\/wp-json\/wp\/v2\/tags?post=1730"}],"curies":[{"name":"wp","href":"https:\/\/api.w.org\/{rel}","templated":true}]}}