{"id":1715,"date":"2025-06-08T12:42:05","date_gmt":"2025-06-08T10:42:05","guid":{"rendered":"https:\/\/spd-toenisvorst.de\/?p=1715"},"modified":"2025-06-08T15:18:14","modified_gmt":"2025-06-08T13:18:14","slug":"kandidateninnen-fuer-den-stadtrat","status":"publish","type":"post","link":"https:\/\/spd-toenisvorst.de\/index.php\/2025\/06\/08\/kandidateninnen-fuer-den-stadtrat\/","title":{"rendered":"Kandidaten*Innen f\u00fcr den Stadtrat"},"content":{"rendered":"\n<p>Bei der Kommunalwahl 2025 am 14.September in T\u00f6nisvorst werden verschiedene Positionen neu gew\u00e4hlt. Es stehen in T\u00f6nisvorst zur Wahl Mitglieder f\u00fcr den stehen Kreistag, Stadtrat, Landrat und B\u00fcrgermeister.<\/p>\n\n\n\n<p>Bei der Wahl zumB\u00fcrgermeister oder Landrat gilt das Mehrheitswahlrecht. Alle Wahlberechtigten haben dabei eine Stimme. Wer mehr als 50 Prozent der Stimmen bekommt, gewinnt die Wahl. Gibt es keine eindeutige Mehrheit, kommt es zu einer Stichwahl.<\/p>\n\n\n\n<figure class=\"wp-block-image size-large\"><img loading=\"lazy\" decoding=\"async\" width=\"1024\" height=\"693\" src=\"https:\/\/spd-toenisvorst.de\/wp-content\/uploads\/2025\/06\/Kandidaten-2025-1-1024x693.jpg\" alt=\"\" class=\"wp-image-1719\" srcset=\"https:\/\/spd-toenisvorst.de\/wp-content\/uploads\/2025\/06\/Kandidaten-2025-1-1024x693.jpg 1024w, https:\/\/spd-toenisvorst.de\/wp-content\/uploads\/2025\/06\/Kandidaten-2025-1-300x203.jpg 300w, https:\/\/spd-toenisvorst.de\/wp-content\/uploads\/2025\/06\/Kandidaten-2025-1-768x520.jpg 768w, https:\/\/spd-toenisvorst.de\/wp-content\/uploads\/2025\/06\/Kandidaten-2025-1-1536x1040.jpg 1536w, https:\/\/spd-toenisvorst.de\/wp-content\/uploads\/2025\/06\/Kandidaten-2025-1-2048x1386.jpg 2048w, https:\/\/spd-toenisvorst.de\/wp-content\/uploads\/2025\/06\/Kandidaten-2025-1-120x80.jpg 120w\" sizes=\"auto, (max-width: 1024px) 100vw, 1024px\" \/><\/figure>\n","protected":false},"excerpt":{"rendered":"<p>Bei der Kommunalwahl 2025 am 14.September in T\u00f6nisvorst werden verschiedene Positionen neu gew\u00e4hlt. Es stehen in T\u00f6nisvorst zur Wahl Mitglieder[&#8230;]<\/p>\n","protected":false},"author":4,"featured_media":1717,"comment_status":"closed","ping_status":"closed","sticky":false,"template":"","format":"standard","meta":{"footnotes":""},"categories":[3,5],"tags":[],"class_list":["post-1715","post","type-post","status-publish","format-standard","has-post-thumbnail","hentry","category-aktuelles","category-presse"],"_links":{"self":[{"href":"https:\/\/spd-toenisvorst.de\/index.php\/wp-json\/wp\/v2\/posts\/1715","targetHints":{"allow":["GET"]}}],"collection":[{"href":"https:\/\/spd-toenisvorst.de\/index.php\/wp-json\/wp\/v2\/posts"}],"about":[{"href":"https:\/\/spd-toenisvorst.de\/index.php\/wp-json\/wp\/v2\/types\/post"}],"author":[{"embeddable":true,"href":"https:\/\/spd-toenisvorst.de\/index.php\/wp-json\/wp\/v2\/users\/4"}],"replies":[{"embeddable":true,"href":"https:\/\/spd-toenisvorst.de\/index.php\/wp-json\/wp\/v2\/comments?post=1715"}],"version-history":[{"count":2,"href":"https:\/\/spd-toenisvorst.de\/index.php\/wp-json\/wp\/v2\/posts\/1715\/revisions"}],"predecessor-version":[{"id":1720,"href":"https:\/\/spd-toenisvorst.de\/index.php\/wp-json\/wp\/v2\/posts\/1715\/revisions\/1720"}],"wp:featuredmedia":[{"embeddable":true,"href":"https:\/\/spd-toenisvorst.de\/index.php\/wp-json\/wp\/v2\/media\/1717"}],"wp:attachment":[{"href":"https:\/\/spd-toenisvorst.de\/index.php\/wp-json\/wp\/v2\/media?parent=1715"}],"wp:term":[{"taxonomy":"category","embeddable":true,"href":"https:\/\/spd-toenisvorst.de\/index.php\/wp-json\/wp\/v2\/categories?post=1715"},{"taxonomy":"post_tag","embeddable":true,"href":"https:\/\/spd-toenisvorst.de\/index.php\/wp-json\/wp\/v2\/tags?post=1715"}],"curies":[{"name":"wp","href":"https:\/\/api.w.org\/{rel}","templated":true}]}}