{"id":1534,"date":"2025-04-20T10:37:27","date_gmt":"2025-04-20T08:37:27","guid":{"rendered":"https:\/\/spd-toenisvorst.de\/?p=1534"},"modified":"2025-06-04T09:07:01","modified_gmt":"2025-06-04T07:07:01","slug":"david-nowak","status":"publish","type":"post","link":"https:\/\/spd-toenisvorst.de\/index.php\/2025\/04\/20\/david-nowak\/","title":{"rendered":"David Nowak"},"content":{"rendered":"\n<p>T\u00f6nisvorst ist ein besonderes Lebensgef\u00fchl. Hier leben und arbeiten Menschen, die sich ehrenamtlich organisieren und ihre Nachbarschaften pflegen \u2013 das macht uns aus!<\/p>\n\n\n\n<p>Bei uns leisten die Menschen wertvolle Arbeit in Brauchtums-, Kleingarten- und Sportvereinen, Wohlfahrtsverb\u00e4nden, Kirchen und Religionsgemeinschaften, in B\u00fcrger- und Nachbarschaftsinitiativen, Kulturvereinen und vielen weiteren B\u00fcndnissen.<\/p>\n\n\n\n<p>Deshalb unterst\u00fctzen wir Ehrenamtliche und Kulturschaffende. Gemeinsam mit ihnen wollen wir die Stadt T\u00f6nisvorst gestalten, statt nur zu verwalten.<\/p>\n\n\n\n<p>Denn wir wissen: Ohne dieses Engagement w\u00e4re T\u00f6nisvorst nicht so lebendig und lebenswert. <\/p>\n\n\n\n<p>David Nowak<\/p>\n\n\n\n<figure class=\"wp-block-image size-large\"><img loading=\"lazy\" decoding=\"async\" width=\"817\" height=\"1024\" src=\"https:\/\/spd-toenisvorst.de\/wp-content\/uploads\/2025\/04\/DSC02116-Fotostudio-Kaufels-0223-817x1024.jpg\" alt=\"\" class=\"wp-image-1639\" srcset=\"https:\/\/spd-toenisvorst.de\/wp-content\/uploads\/2025\/04\/DSC02116-Fotostudio-Kaufels-0223-817x1024.jpg 817w, https:\/\/spd-toenisvorst.de\/wp-content\/uploads\/2025\/04\/DSC02116-Fotostudio-Kaufels-0223-239x300.jpg 239w, https:\/\/spd-toenisvorst.de\/wp-content\/uploads\/2025\/04\/DSC02116-Fotostudio-Kaufels-0223-768x962.jpg 768w, https:\/\/spd-toenisvorst.de\/wp-content\/uploads\/2025\/04\/DSC02116-Fotostudio-Kaufels-0223-1226x1536.jpg 1226w, https:\/\/spd-toenisvorst.de\/wp-content\/uploads\/2025\/04\/DSC02116-Fotostudio-Kaufels-0223-1635x2048.jpg 1635w, https:\/\/spd-toenisvorst.de\/wp-content\/uploads\/2025\/04\/DSC02116-Fotostudio-Kaufels-0223-scaled.jpg 2043w\" sizes=\"auto, (max-width: 817px) 100vw, 817px\" \/><\/figure>\n\n\n\n<p>Aus Verantwortung f\u00fcr T\u00f6nisvorst<\/p>\n\n\n\n<p><\/p>\n\n\n\n<p>T\u00f6nisvorst ist eine offene, lebenswerte und traditionsreiche Stadt am Niederrhein. F\u00fcr uns ist sie Heimat. Diese Heimat wollen wir so bewahren, damit auch zuk\u00fcnftige Generationen hier unabh\u00e4ngig von Herkunft, Geschlecht, Einkommen und Alter gut und gerne leben k\u00f6nnen.<\/p>\n\n\n\n<ul class=\"wp-block-list\">\n<li><strong>Gutes Wohnen<\/strong> f\u00fcr Alle \u2013 T\u00f6nisvorst weiterentwickeln<\/li>\n<\/ul>\n\n\n\n<p>Wir werden neuen Wohnraum schaffen. Bezahlbares Wohnen f\u00fcr Jung und Alt, f\u00fcr Familien und Single. Dank unserer Wohnbaupolitik sollen Wohntr\u00e4ume wahr werden.<\/p>\n\n\n\n<ul class=\"wp-block-list\">\n<li>F\u00fcr ein <strong>sicheres und sauberes T\u00f6nisvorst<\/strong><\/li>\n<\/ul>\n\n\n\n<p>Eine gute Nachbarschaft und die Identifikation mit dem eigenen Quartier sind f\u00fcr uns wichtige S\u00e4ulen einer lebens- und liebenswerten Stadt. Wir werden auch den KOD personell und technisch so ausstatten, dass dieser 24h f\u00fcr die B\u00fcrgerinnen und B\u00fcrger erreichbar sein wird und unsere Stadt damit sicherere machen wird.<\/p>\n\n\n\n<ul class=\"wp-block-list\">\n<li>Eine <strong>attraktive Innenstadt<\/strong><\/li>\n<\/ul>\n\n\n\n<p>Wir legen einen Sofortplan Attraktive Innenstadt auf und b\u00fcndeln alle Kr\u00e4fte, um dem Leerstand entgegenzuwirken. Die Attraktivit\u00e4t der Innenstadt ist f\u00fcr uns grundlegend f\u00fcr eine lebendige Zukunft unseres Ortes. Wir wollen das Erlebnis Einzelhandel gemeinsam mit der Werbegemeinschaften aus St.T\u00f6nis und Vorst  und den ortsans\u00e4ssigen Betrieben zum neuen Glanz verhelfen; ein Weihnachtsmarkt sowie zahlreiche Events sollen wieder feste Bestandteile unseres Veranstaltungskalenders werden.<\/p>\n\n\n\n<ul class=\"wp-block-list\">\n<li>T\u00f6nisvorst wird <strong>Sportstadt<\/strong><\/li>\n<\/ul>\n\n\n\n<p>Die Sportvereine und deren tausende Mitglieder liegen uns besonders am Herzen. Der durch uns ins Leben gerufene Masterplan Sport wird gemeinsamen mit den Vereinen Schritt f\u00fcr Schritt weiterentwickelt und deren Ma\u00dfnahmen kontinuierlich umgesetzt. Ziel sind modere und attraktive Sportpl\u00e4tze, die den modernsten Anspr\u00fcchen des Breitensports gen\u00fcgen.<\/p>\n\n\n\n<ul class=\"wp-block-list\">\n<li><strong>Solide Finanzen<\/strong> und eine <strong>moderne Wirtschaftsf\u00f6rderung<\/strong><\/li>\n<\/ul>\n\n\n\n<p>Die SPD steht f\u00fcr solide Finanzen. Trotz weltweiter Krisen und wegbrechenden Kommunalfinanzen haben wir in T\u00f6nisvorst einen genehmigungsf\u00e4higen Haushalt.<\/p>\n\n\n\n<p>Bessere Stadtfinanzen gehen nur durch gute Gewerbesteuereinnahmen. F\u00fcr uns ist daher Wirtschaftsf\u00f6rderung Chefsache und der B\u00fcrgermeister immer der erste Wirtschaftsf\u00f6rderer der Stadt.<\/p>\n\n\n\n<ul class=\"wp-block-list\">\n<li><strong>Gesundheit vor der T\u00fcr<\/strong><\/li>\n<\/ul>\n\n\n\n<p>Die Strukturen der Gesundheitsversorgung vor Ort werden mit gesundheits\u00f6konomischen Innovationen verbunden und das MVZ wird zu einem modernen Gesundheitscampus weiterentwickelt. Damit sichern wir die bestm\u00f6gliche \u00e4rztliche Versorgung auf f\u00fcr die Zukunft.<\/p>\n\n\n\n<ul class=\"wp-block-list\">\n<li>Eine digitale und b\u00fcrgerfreundliche Verwaltung<\/li>\n<\/ul>\n\n\n\n<p>Digitalisierung erleichtert unser Leben und f\u00fchrt zu mehr an B\u00fcrgerbeteiligung bei \u00f6ffentlichen Vorhaben und Planungen. Wir werden den Prozess der Digitalisierung massiv beschleunigen und T\u00f6nisvorst an das digitale Zeitalter vollumf\u00e4nglich anschlie\u00dfen.<\/p>\n\n\n\n<ul class=\"wp-block-list\">\n<li><strong>Kita<\/strong>, <strong>Schule<\/strong> und <strong>Ganztag<\/strong> f\u00f6rdern<\/li>\n<\/ul>\n\n\n\n<p>Ich setze ich mich f\u00fcr moderne, gut ausgestattete und barrierefreie Bildungseinrichtungen in T\u00f6nisvorst ein \u2013 denn jedes Kind verdient die besten Chancen von Anfang an. Wir investieren gezielt in unsere Kitas, Schulen und Ganztagsangebote, um Lernen in einer sicheren, digitalen und f\u00f6rdernden Umgebung zu erm\u00f6glichen. Gute Bildung ist der Schl\u00fcssel zu sozialer Gerechtigkeit und die Grundlage f\u00fcr eine starke, zukunftsf\u00e4hige Gesellschaft.<\/p>\n\n\n\n<ul class=\"wp-block-list\">\n<li><strong>Kultur <\/strong>und <strong>Brauchtum<\/strong> im Fokus<\/li>\n<\/ul>\n\n\n\n<p>Als SPD-B\u00fcrgermeisterkandidat will ich die lebendige Kulturlandschaft in T\u00f6nisvorst st\u00e4rken \u2013 durch eine bessere Unterst\u00fctzung sowohl des traditionellen Brauchtums als auch der freien Kulturszene. Unsere Stadt lebt vom Zusammenspiel aus gewachsenen Traditionen und kreativer Vielfalt, die wir durch mehr Raum, F\u00f6rderung und Zusammenarbeit sichtbar machen wollen. Kultur ist Identit\u00e4t, Begegnung und Motor f\u00fcr ein offenes, solidarisches Miteinander.<\/p>\n\n\n\n<ul class=\"wp-block-list\">\n<li><strong>Bewegung f\u00fcr alle<\/strong><\/li>\n<\/ul>\n\n\n\n<p>T\u00f6nisvorst soll jetzt und in Zukunft eine bewegungsfreundliche Stadt sein, in der Sport und k\u00f6rperliche Aktivit\u00e4t f\u00fcr alle Generationen gef\u00f6rdert werden. Wir st\u00e4rken die Sportvereine, modernisieren Sportst\u00e4tten und schaffen weitere, attraktive Bewegungsr\u00e4ume im gesamten Stadtgebiet \u2013 von Spielpl\u00e4tzen bis zu offenen Fitnessangeboten im \u00f6ffentlichen Raum. Denn Bewegung ist nicht nur gesund, sondern st\u00e4rkt auch Gemeinschaft und Lebensqualit\u00e4t. In den Fokus will ich dabei auch den Ausbau, die Instandhaltung und die Modernisierung von Radwegen in T\u00f6nisvorst und in die umliegenden Kommunen nehmen.<\/p>\n","protected":false},"excerpt":{"rendered":"<p>T\u00f6nisvorst ist ein besonderes Lebensgef\u00fchl. Hier leben und arbeiten Menschen, die sich ehrenamtlich organisieren und ihre Nachbarschaften pflegen \u2013 das[&#8230;]<\/p>\n","protected":false},"author":4,"featured_media":1535,"comment_status":"closed","ping_status":"closed","sticky":false,"template":"","format":"standard","meta":{"footnotes":""},"categories":[3,15,17],"tags":[],"class_list":["post-1534","post","type-post","status-publish","format-standard","has-post-thumbnail","hentry","category-aktuelles","category-buergermeiserkandidat","category-www-david-nowak-tv"],"_links":{"self":[{"href":"https:\/\/spd-toenisvorst.de\/index.php\/wp-json\/wp\/v2\/posts\/1534","targetHints":{"allow":["GET"]}}],"collection":[{"href":"https:\/\/spd-toenisvorst.de\/index.php\/wp-json\/wp\/v2\/posts"}],"about":[{"href":"https:\/\/spd-toenisvorst.de\/index.php\/wp-json\/wp\/v2\/types\/post"}],"author":[{"embeddable":true,"href":"https:\/\/spd-toenisvorst.de\/index.php\/wp-json\/wp\/v2\/users\/4"}],"replies":[{"embeddable":true,"href":"https:\/\/spd-toenisvorst.de\/index.php\/wp-json\/wp\/v2\/comments?post=1534"}],"version-history":[{"count":4,"href":"https:\/\/spd-toenisvorst.de\/index.php\/wp-json\/wp\/v2\/posts\/1534\/revisions"}],"predecessor-version":[{"id":1699,"href":"https:\/\/spd-toenisvorst.de\/index.php\/wp-json\/wp\/v2\/posts\/1534\/revisions\/1699"}],"wp:featuredmedia":[{"embeddable":true,"href":"https:\/\/spd-toenisvorst.de\/index.php\/wp-json\/wp\/v2\/media\/1535"}],"wp:attachment":[{"href":"https:\/\/spd-toenisvorst.de\/index.php\/wp-json\/wp\/v2\/media?parent=1534"}],"wp:term":[{"taxonomy":"category","embeddable":true,"href":"https:\/\/spd-toenisvorst.de\/index.php\/wp-json\/wp\/v2\/categories?post=1534"},{"taxonomy":"post_tag","embeddable":true,"href":"https:\/\/spd-toenisvorst.de\/index.php\/wp-json\/wp\/v2\/tags?post=1534"}],"curies":[{"name":"wp","href":"https:\/\/api.w.org\/{rel}","templated":true}]}}