{"id":1500,"date":"2025-02-21T12:10:18","date_gmt":"2025-02-21T10:10:18","guid":{"rendered":"https:\/\/spd-toenisvorst.de\/?p=1500"},"modified":"2025-02-21T12:10:50","modified_gmt":"2025-02-21T10:10:50","slug":"lars-klinbeil","status":"publish","type":"post","link":"https:\/\/spd-toenisvorst.de\/index.php\/2025\/02\/21\/lars-klinbeil\/","title":{"rendered":"Lars Klinbeil:"},"content":{"rendered":"\n<p>In 2 Tagen ist die Bundestagswahl. So kurz vor der Wahl ist der Bundeskanzler <a href=\"https:\/\/www.instagram.com\/olafscholz\/\">@olafscholz<\/a> in meine Heimat, den Heidekreis gekommen, um zusammen mit mir und 650 interessierten B\u00fcrgerinnen und B\u00fcrgern \u00fcber die Zukunft unseres Landes zu diskutieren. In Bad Fallingbostel haben wir betont, was es nur mit einer starken <a href=\"https:\/\/www.instagram.com\/spdde\/\">@spdde<\/a> geben wird: 15 Euro Mindestlohn, stabile Renten, sichere Jobs, Entlastung f\u00fcr 95 Prozent der Bev\u00f6lkerung und eine starke Wirtschaft.<\/p>\n\n\n\n<p>Ich wei\u00df, dass Viele noch unentschlossen sind, wo Sie ihre Kreuze setzen am Sonntag setzen. Deswegen geben wir nun weiter Vollgas. F\u00fcr eine starke SPD.<\/p>\n\n\n\n<p><\/p>\n","protected":false},"excerpt":{"rendered":"<p>In 2 Tagen ist die Bundestagswahl. So kurz vor der Wahl ist der Bundeskanzler @olafscholz in meine Heimat, den Heidekreis[&#8230;]<\/p>\n","protected":false},"author":4,"featured_media":1501,"comment_status":"closed","ping_status":"closed","sticky":false,"template":"","format":"standard","meta":{"footnotes":""},"categories":[3,1],"tags":[],"class_list":["post-1500","post","type-post","status-publish","format-standard","has-post-thumbnail","hentry","category-aktuelles","category-uncategorized"],"_links":{"self":[{"href":"https:\/\/spd-toenisvorst.de\/index.php\/wp-json\/wp\/v2\/posts\/1500","targetHints":{"allow":["GET"]}}],"collection":[{"href":"https:\/\/spd-toenisvorst.de\/index.php\/wp-json\/wp\/v2\/posts"}],"about":[{"href":"https:\/\/spd-toenisvorst.de\/index.php\/wp-json\/wp\/v2\/types\/post"}],"author":[{"embeddable":true,"href":"https:\/\/spd-toenisvorst.de\/index.php\/wp-json\/wp\/v2\/users\/4"}],"replies":[{"embeddable":true,"href":"https:\/\/spd-toenisvorst.de\/index.php\/wp-json\/wp\/v2\/comments?post=1500"}],"version-history":[{"count":1,"href":"https:\/\/spd-toenisvorst.de\/index.php\/wp-json\/wp\/v2\/posts\/1500\/revisions"}],"predecessor-version":[{"id":1502,"href":"https:\/\/spd-toenisvorst.de\/index.php\/wp-json\/wp\/v2\/posts\/1500\/revisions\/1502"}],"wp:featuredmedia":[{"embeddable":true,"href":"https:\/\/spd-toenisvorst.de\/index.php\/wp-json\/wp\/v2\/media\/1501"}],"wp:attachment":[{"href":"https:\/\/spd-toenisvorst.de\/index.php\/wp-json\/wp\/v2\/media?parent=1500"}],"wp:term":[{"taxonomy":"category","embeddable":true,"href":"https:\/\/spd-toenisvorst.de\/index.php\/wp-json\/wp\/v2\/categories?post=1500"},{"taxonomy":"post_tag","embeddable":true,"href":"https:\/\/spd-toenisvorst.de\/index.php\/wp-json\/wp\/v2\/tags?post=1500"}],"curies":[{"name":"wp","href":"https:\/\/api.w.org\/{rel}","templated":true}]}}