{"id":1448,"date":"2024-10-05T17:59:14","date_gmt":"2024-10-05T15:59:14","guid":{"rendered":"https:\/\/spd-toenisvorst.de\/?p=1448"},"modified":"2024-10-05T17:59:45","modified_gmt":"2024-10-05T15:59:45","slug":"nomierungen","status":"publish","type":"post","link":"https:\/\/spd-toenisvorst.de\/index.php\/2024\/10\/05\/nomierungen\/","title":{"rendered":"Nominiert&#8230;"},"content":{"rendered":"\n<p>Herzlichen Gl\u00fcckwunsch liebe <a href=\"https:\/\/www.facebook.com\/Annalena.Roensb?__cft__[0]=AZXLuVJAQ0iDFT7LZ_GtKZg8R8-QegP3q36kk915_B3gWvZnS6y6_WnW3dnli2EnD8FSFnNgONOU8K75Fn3z1K8mt6h4XZIrzFPkt2SeWoQbvY2-hcS7swnJpnoTJdg5jl29QgxSVtTSj-BeSwyjrrSU404NZMNrrwF9ooF312iMVftXMIeCdLQklm-ZpkvuOHY&amp;__tn__=-]K-R\">Annalena R\u00f6nsberg<\/a> und liebe Silke Depta . Mit euch an der Spitze, ziehen wir nun gemeinsam in das Wahljahr 2025. Die Kreispartei hat euch dazu in Kempen das Vertrauen geschenkt. Annalena, als Kandidatin f\u00fcr das Landratsamt und Silke, als Nachfolgerin f\u00fcr Udo Schiefner, f\u00fcr die Bundestagswahl. Wir freuen uns auf den Wahlkampf mit euch !<\/p>\n","protected":false},"excerpt":{"rendered":"<p>Herzlichen Gl\u00fcckwunsch liebe Annalena R\u00f6nsberg und liebe Silke Depta . Mit euch an der Spitze, ziehen wir nun gemeinsam in[&#8230;]<\/p>\n","protected":false},"author":4,"featured_media":1449,"comment_status":"closed","ping_status":"closed","sticky":false,"template":"","format":"standard","meta":{"footnotes":""},"categories":[3,5],"tags":[],"class_list":["post-1448","post","type-post","status-publish","format-standard","has-post-thumbnail","hentry","category-aktuelles","category-presse"],"_links":{"self":[{"href":"https:\/\/spd-toenisvorst.de\/index.php\/wp-json\/wp\/v2\/posts\/1448","targetHints":{"allow":["GET"]}}],"collection":[{"href":"https:\/\/spd-toenisvorst.de\/index.php\/wp-json\/wp\/v2\/posts"}],"about":[{"href":"https:\/\/spd-toenisvorst.de\/index.php\/wp-json\/wp\/v2\/types\/post"}],"author":[{"embeddable":true,"href":"https:\/\/spd-toenisvorst.de\/index.php\/wp-json\/wp\/v2\/users\/4"}],"replies":[{"embeddable":true,"href":"https:\/\/spd-toenisvorst.de\/index.php\/wp-json\/wp\/v2\/comments?post=1448"}],"version-history":[{"count":2,"href":"https:\/\/spd-toenisvorst.de\/index.php\/wp-json\/wp\/v2\/posts\/1448\/revisions"}],"predecessor-version":[{"id":1451,"href":"https:\/\/spd-toenisvorst.de\/index.php\/wp-json\/wp\/v2\/posts\/1448\/revisions\/1451"}],"wp:featuredmedia":[{"embeddable":true,"href":"https:\/\/spd-toenisvorst.de\/index.php\/wp-json\/wp\/v2\/media\/1449"}],"wp:attachment":[{"href":"https:\/\/spd-toenisvorst.de\/index.php\/wp-json\/wp\/v2\/media?parent=1448"}],"wp:term":[{"taxonomy":"category","embeddable":true,"href":"https:\/\/spd-toenisvorst.de\/index.php\/wp-json\/wp\/v2\/categories?post=1448"},{"taxonomy":"post_tag","embeddable":true,"href":"https:\/\/spd-toenisvorst.de\/index.php\/wp-json\/wp\/v2\/tags?post=1448"}],"curies":[{"name":"wp","href":"https:\/\/api.w.org\/{rel}","templated":true}]}}