{"id":1442,"date":"2024-09-28T11:29:34","date_gmt":"2024-09-28T09:29:34","guid":{"rendered":"https:\/\/spd-toenisvorst.de\/?p=1442"},"modified":"2024-09-28T11:29:34","modified_gmt":"2024-09-28T09:29:34","slug":"neue-apfelkoenigin","status":"publish","type":"post","link":"https:\/\/spd-toenisvorst.de\/index.php\/2024\/09\/28\/neue-apfelkoenigin\/","title":{"rendered":"Neue Apfelk\u00f6nigin"},"content":{"rendered":"\n<p>Die SPD T\u00f6nisvorst gratuliert der neuen Apfelk\u00f6nigin herzlich zur Wahl! Wir w\u00fcnschen eine wunderbare Amtszeit und viele inspirierende Erlebnisse in den kommenden zwei Jahren. Es soll eine Zeit voller Freude, Engagement und unvergesslicher Momente sein!<\/p>\n","protected":false},"excerpt":{"rendered":"<p>Die SPD T\u00f6nisvorst gratuliert der neuen Apfelk\u00f6nigin herzlich zur Wahl! Wir w\u00fcnschen eine wunderbare Amtszeit und viele inspirierende Erlebnisse in[&#8230;]<\/p>\n","protected":false},"author":4,"featured_media":1443,"comment_status":"closed","ping_status":"closed","sticky":false,"template":"","format":"standard","meta":{"footnotes":""},"categories":[3],"tags":[],"class_list":["post-1442","post","type-post","status-publish","format-standard","has-post-thumbnail","hentry","category-aktuelles"],"_links":{"self":[{"href":"https:\/\/spd-toenisvorst.de\/index.php\/wp-json\/wp\/v2\/posts\/1442","targetHints":{"allow":["GET"]}}],"collection":[{"href":"https:\/\/spd-toenisvorst.de\/index.php\/wp-json\/wp\/v2\/posts"}],"about":[{"href":"https:\/\/spd-toenisvorst.de\/index.php\/wp-json\/wp\/v2\/types\/post"}],"author":[{"embeddable":true,"href":"https:\/\/spd-toenisvorst.de\/index.php\/wp-json\/wp\/v2\/users\/4"}],"replies":[{"embeddable":true,"href":"https:\/\/spd-toenisvorst.de\/index.php\/wp-json\/wp\/v2\/comments?post=1442"}],"version-history":[{"count":1,"href":"https:\/\/spd-toenisvorst.de\/index.php\/wp-json\/wp\/v2\/posts\/1442\/revisions"}],"predecessor-version":[{"id":1444,"href":"https:\/\/spd-toenisvorst.de\/index.php\/wp-json\/wp\/v2\/posts\/1442\/revisions\/1444"}],"wp:featuredmedia":[{"embeddable":true,"href":"https:\/\/spd-toenisvorst.de\/index.php\/wp-json\/wp\/v2\/media\/1443"}],"wp:attachment":[{"href":"https:\/\/spd-toenisvorst.de\/index.php\/wp-json\/wp\/v2\/media?parent=1442"}],"wp:term":[{"taxonomy":"category","embeddable":true,"href":"https:\/\/spd-toenisvorst.de\/index.php\/wp-json\/wp\/v2\/categories?post=1442"},{"taxonomy":"post_tag","embeddable":true,"href":"https:\/\/spd-toenisvorst.de\/index.php\/wp-json\/wp\/v2\/tags?post=1442"}],"curies":[{"name":"wp","href":"https:\/\/api.w.org\/{rel}","templated":true}]}}