{"id":1433,"date":"2024-09-06T20:06:47","date_gmt":"2024-09-06T18:06:47","guid":{"rendered":"https:\/\/spd-toenisvorst.de\/?p=1433"},"modified":"2024-09-06T20:06:47","modified_gmt":"2024-09-06T18:06:47","slug":"dietrich-buettner-medaille-2024","status":"publish","type":"post","link":"https:\/\/spd-toenisvorst.de\/index.php\/2024\/09\/06\/dietrich-buettner-medaille-2024\/","title":{"rendered":"Dietrich B\u00fcttner Medaille 2024"},"content":{"rendered":"\n<p>Verleihung der der Dietrich B\u00fcttner Medaille 2024 an:<br>T\u00f6nisvorst ist Bunt<br>Jugendarbeit der Evangeischen. Kirche T\u00f6nisvorst<br>Das T\u00f6nisvorster Seniorenb\u00fcro Alternativen<br>Herzlichen Gl\u00fcckwunsch!<\/p>\n","protected":false},"excerpt":{"rendered":"<p>Verleihung der der Dietrich B\u00fcttner Medaille 2024 an:T\u00f6nisvorst ist BuntJugendarbeit der Evangeischen. Kirche T\u00f6nisvorstDas T\u00f6nisvorster Seniorenb\u00fcro AlternativenHerzlichen Gl\u00fcckwunsch!<\/p>\n","protected":false},"author":4,"featured_media":1434,"comment_status":"closed","ping_status":"closed","sticky":false,"template":"","format":"standard","meta":{"footnotes":""},"categories":[3,5],"tags":[],"class_list":["post-1433","post","type-post","status-publish","format-standard","has-post-thumbnail","hentry","category-aktuelles","category-presse"],"_links":{"self":[{"href":"https:\/\/spd-toenisvorst.de\/index.php\/wp-json\/wp\/v2\/posts\/1433","targetHints":{"allow":["GET"]}}],"collection":[{"href":"https:\/\/spd-toenisvorst.de\/index.php\/wp-json\/wp\/v2\/posts"}],"about":[{"href":"https:\/\/spd-toenisvorst.de\/index.php\/wp-json\/wp\/v2\/types\/post"}],"author":[{"embeddable":true,"href":"https:\/\/spd-toenisvorst.de\/index.php\/wp-json\/wp\/v2\/users\/4"}],"replies":[{"embeddable":true,"href":"https:\/\/spd-toenisvorst.de\/index.php\/wp-json\/wp\/v2\/comments?post=1433"}],"version-history":[{"count":1,"href":"https:\/\/spd-toenisvorst.de\/index.php\/wp-json\/wp\/v2\/posts\/1433\/revisions"}],"predecessor-version":[{"id":1435,"href":"https:\/\/spd-toenisvorst.de\/index.php\/wp-json\/wp\/v2\/posts\/1433\/revisions\/1435"}],"wp:featuredmedia":[{"embeddable":true,"href":"https:\/\/spd-toenisvorst.de\/index.php\/wp-json\/wp\/v2\/media\/1434"}],"wp:attachment":[{"href":"https:\/\/spd-toenisvorst.de\/index.php\/wp-json\/wp\/v2\/media?parent=1433"}],"wp:term":[{"taxonomy":"category","embeddable":true,"href":"https:\/\/spd-toenisvorst.de\/index.php\/wp-json\/wp\/v2\/categories?post=1433"},{"taxonomy":"post_tag","embeddable":true,"href":"https:\/\/spd-toenisvorst.de\/index.php\/wp-json\/wp\/v2\/tags?post=1433"}],"curies":[{"name":"wp","href":"https:\/\/api.w.org\/{rel}","templated":true}]}}