{"id":1429,"date":"2024-09-06T15:13:57","date_gmt":"2024-09-06T13:13:57","guid":{"rendered":"https:\/\/spd-toenisvorst.de\/?p=1429"},"modified":"2024-09-06T15:13:57","modified_gmt":"2024-09-06T13:13:57","slug":"spd-vorstand-wuenscht-sich-david-nowak-als-buergermeister","status":"publish","type":"post","link":"https:\/\/spd-toenisvorst.de\/index.php\/2024\/09\/06\/spd-vorstand-wuenscht-sich-david-nowak-als-buergermeister\/","title":{"rendered":"SPD-Vorstand w\u00fcnscht sich David Nowak als B\u00fcrgermeister"},"content":{"rendered":"\n<p>SPD-Vorstand w\u00fcnscht sich David Nowak als B\u00fcrgermeister<\/p>\n\n\n\n<p>T\u00f6nisvorsts B\u00fcrgermeister Uwe Leuchtenberg (SPD) hat am Mittwochabend David Nowak als Wunschkandidaten des T\u00f6nisvorster SPD-Vorstands f\u00fcr das B\u00fcrgermeisteramt pr\u00e4sentiert. Im kommenden Jahr sind Kommunalwahlen; der 66-j\u00e4hrige Leuchtenberg hatte im Interview mit unserer Redaktion am Dienstag offiziell verk\u00fcndet, nicht mehr anzutreten.<\/p>\n\n\n\n<p>Bei <a><\/a>der Feier zum 130-j\u00e4hrigen Bestehen der T\u00f6nisvorster SPD am Mittwochabend im Forum Corneliusfeld in St. T\u00f6nis wurde um kurz nach 21 Uhr das Geheimnis gel\u00fcftet und Nowak als vom SPD-Vorstand nominierter B\u00fcrgermeisterkandidat f\u00fcr die Kommunalwahl 2025 pr\u00e4sentiert. Die Mitglieder entscheiden dann im kommenden Jahr, wer offiziell ins Rennen geschickt wird.<\/p>\n\n\n\n<p>Nowak ist bei der Stadt Krefeld Abteilungsleiter f\u00fcr Pr\u00e4vention und Verwaltung, wobei es unter anderem um Pr\u00e4ventionsarbeit in Sachen Bildung oder Medizin in sozial schwierigen Vierteln geht. Der 41-J\u00e4hrige hat in der Krefelder Stadtverwaltung einen guten Ruf und gilt als sehr engagiert.<\/p>\n\n\n\n<p>David Nowak wurde 1982 in Polen geboren und zog mit seiner Familie als Siebenj\u00e4hriger nach Krefeld. Nach seinem Abitur am Ricarda-Huch-Gymnasium studierte er Theologe in Bonn und Breslau, mit dem Ziel, Priester zu werden, doch dann verliebte er sich in eine Mitstudentin und \u00e4nderte seine Pl\u00e4ne. Nach dem Studium arbeite er zun\u00e4chst f\u00fcr eine Immobilienberatungsplattform, wechselte aber bald ins SPD-Fraktionsb\u00fcro im Krefelder Rathaus. Krefelds Oberb\u00fcrgermeister Frank Meyer und Nowak kennen sich seit Jahrzehnten. Nowak ist seit mehr als 25 Jahren Mitglied der SPD.<\/p>\n\n\n\n<p>Uwe Leuchtenberg sagte, er freue sich, Nowak als m\u00f6glichen Nachfolger pr\u00e4sentieren zu k\u00f6nnen, und er traue ihm das Amt des T\u00f6nisvorster B\u00fcrgermeisters zu. Nowak hielt eine kurze, engagierte Rede, in der er unter anderem versprach, f\u00fcr den Fall seiner Wahl binnen 100 Tagen den Kommunalen Ordnungsdienst der Stadt T\u00f6nisvorst so auszustatten, dass dieser 24 Stunden am Tag einsatzf\u00e4hig sei. Zudem wolle er das Gesundheitsangebot in der Stadt st\u00e4rken, auch die Schulen seien ihm ein wichtiges Thema.<\/p>\n\n\n\n<p>Ein ausf\u00fchrlicher Bericht folgt.<\/p>\n\n\n\n<p>Marc Sch\u00fctz PR und WZ<\/p>\n","protected":false},"excerpt":{"rendered":"<p>SPD-Vorstand w\u00fcnscht sich David Nowak als B\u00fcrgermeister T\u00f6nisvorsts B\u00fcrgermeister Uwe Leuchtenberg (SPD) hat am Mittwochabend David Nowak als Wunschkandidaten des[&#8230;]<\/p>\n","protected":false},"author":4,"featured_media":1430,"comment_status":"closed","ping_status":"closed","sticky":false,"template":"","format":"standard","meta":{"footnotes":""},"categories":[3,5],"tags":[],"class_list":["post-1429","post","type-post","status-publish","format-standard","has-post-thumbnail","hentry","category-aktuelles","category-presse"],"_links":{"self":[{"href":"https:\/\/spd-toenisvorst.de\/index.php\/wp-json\/wp\/v2\/posts\/1429","targetHints":{"allow":["GET"]}}],"collection":[{"href":"https:\/\/spd-toenisvorst.de\/index.php\/wp-json\/wp\/v2\/posts"}],"about":[{"href":"https:\/\/spd-toenisvorst.de\/index.php\/wp-json\/wp\/v2\/types\/post"}],"author":[{"embeddable":true,"href":"https:\/\/spd-toenisvorst.de\/index.php\/wp-json\/wp\/v2\/users\/4"}],"replies":[{"embeddable":true,"href":"https:\/\/spd-toenisvorst.de\/index.php\/wp-json\/wp\/v2\/comments?post=1429"}],"version-history":[{"count":1,"href":"https:\/\/spd-toenisvorst.de\/index.php\/wp-json\/wp\/v2\/posts\/1429\/revisions"}],"predecessor-version":[{"id":1431,"href":"https:\/\/spd-toenisvorst.de\/index.php\/wp-json\/wp\/v2\/posts\/1429\/revisions\/1431"}],"wp:featuredmedia":[{"embeddable":true,"href":"https:\/\/spd-toenisvorst.de\/index.php\/wp-json\/wp\/v2\/media\/1430"}],"wp:attachment":[{"href":"https:\/\/spd-toenisvorst.de\/index.php\/wp-json\/wp\/v2\/media?parent=1429"}],"wp:term":[{"taxonomy":"category","embeddable":true,"href":"https:\/\/spd-toenisvorst.de\/index.php\/wp-json\/wp\/v2\/categories?post=1429"},{"taxonomy":"post_tag","embeddable":true,"href":"https:\/\/spd-toenisvorst.de\/index.php\/wp-json\/wp\/v2\/tags?post=1429"}],"curies":[{"name":"wp","href":"https:\/\/api.w.org\/{rel}","templated":true}]}}