{"id":1417,"date":"2024-08-08T15:05:06","date_gmt":"2024-08-08T13:05:06","guid":{"rendered":"https:\/\/spd-toenisvorst.de\/?p=1417"},"modified":"2024-08-08T15:05:41","modified_gmt":"2024-08-08T13:05:41","slug":"neues-haus-fuer-die-freiwillige-feuerwehr-loeschzug-vorst","status":"publish","type":"post","link":"https:\/\/spd-toenisvorst.de\/index.php\/2024\/08\/08\/neues-haus-fuer-die-freiwillige-feuerwehr-loeschzug-vorst\/","title":{"rendered":"Neuer Standort f\u00fcr die freiwillige Feuerwehr, L\u00f6schzug Vorst"},"content":{"rendered":"\n<p>Neue Standorte f\u00fcr das Geb\u00e4ude der Freiwilligen Feuerwehr Vorst und Umnutzung des Bestandsgeb\u00e4udesdie SPD-Fraktion im Rat der Stadt T\u00f6nisvorst beantragt, f\u00fcr den Neubau einer Feuerwache in Vorst f\u00fcr dieFreiwillige Feuerwehr, die beiden Standorte \u201eGel\u00e4nde der alten S\u00fc\u00dfmosterei\u201c an der Kempener Stra\u00dfe oderalternativ eine Fl\u00e4che im Bereich Neuenhaushof zu pr\u00fcfen und zu bewerten.<\/p>\n\n\n\n<p>Unseren Informationen zu Folge beabsichtigen beide Eigent\u00fcmer eine neue Nutzung der Immobilien und Fl\u00e4chen. Die SPD-Fraktion beantragt, die Verwaltung zu beauftragen entsprechende Gespr\u00e4che mit den Eigent\u00fcmern und Investoren zu f\u00fchren und in den Fachaussch\u00fcssen zu berichten. Ebenfalls ist der L\u00f6schzug der Feuerwehr Vorst in die Beratungen einzubeziehen.<\/p>\n\n\n\n<p>Im Gegenzug kann die dann freiwerdende Halle an der Lindenallee als \u201eHaus der Vereine\u201c umgewidmet werden.<\/p>\n\n\n\n<p>Hier sind die Modalit\u00e4ten zu pr\u00fcfen und dem Rat ist ein Nutzungskonzept vorzulegen.<\/p>\n\n\n\n<p><a href=\"https:\/\/www.facebook.com\/photo\/?fbid=824374593129062&amp;set=a.595044942728696&amp;__cft__[0]=AZVY17YP6gAug_f6Y5izjf-y_N9r2m5jdvUAIVW8nOtJdmaDLu425w8_AkL_ljzsBPbLrM9ifN9oUZAMHFBQXA-Z_OmA9bLPTc_iQVtMo7XySfMc3hy0993lI9h3YZl2xU0kDlekPP4TyhwJjCtdbNidg8wB-Q8f_9xI9LzECoC6cYp16Uk8GzVl6avs2W7iyEY7lTV1hkIlDqO5SXkEmVeN&amp;__tn__=EH-R\"><\/a><\/p>\n\n\n\n<figure class=\"wp-block-image\"><a href=\"https:\/\/www.facebook.com\/photo\/?fbid=824374593129062&amp;set=a.595044942728696&amp;__cft__[0]=AZVY17YP6gAug_f6Y5izjf-y_N9r2m5jdvUAIVW8nOtJdmaDLu425w8_AkL_ljzsBPbLrM9ifN9oUZAMHFBQXA-Z_OmA9bLPTc_iQVtMo7XySfMc3hy0993lI9h3YZl2xU0kDlekPP4TyhwJjCtdbNidg8wB-Q8f_9xI9LzECoC6cYp16Uk8GzVl6avs2W7iyEY7lTV1hkIlDqO5SXkEmVeN&amp;__tn__=EH-R\"><img decoding=\"async\" src=\"https:\/\/scontent-dus1-1.xx.fbcdn.net\/v\/t39.30808-6\/454443538_824374589795729_270656441576987306_n.jpg?_nc_cat=109&amp;ccb=1-7&amp;_nc_sid=127cfc&amp;_nc_ohc=pHkjZtIrRJEQ7kNvgGANzVI&amp;_nc_ht=scontent-dus1-1.xx&amp;oh=00_AYD73RcQaHPGqSxGSYv1ImQ0Y4iLw6lQhMYc91Jj4xVqEA&amp;oe=66BA97D9\" alt=\"Ist m\u00f6glicherweise ein Bild von Grundriss, Karte und Text\"\/><\/a><\/figure>\n","protected":false},"excerpt":{"rendered":"<p>Neue Standorte f\u00fcr das Geb\u00e4ude der Freiwilligen Feuerwehr Vorst und Umnutzung des Bestandsgeb\u00e4udesdie SPD-Fraktion im Rat der Stadt T\u00f6nisvorst beantragt,[&#8230;]<\/p>\n","protected":false},"author":4,"featured_media":0,"comment_status":"closed","ping_status":"closed","sticky":false,"template":"","format":"standard","meta":{"footnotes":""},"categories":[1],"tags":[],"class_list":["post-1417","post","type-post","status-publish","format-standard","hentry","category-uncategorized"],"_links":{"self":[{"href":"https:\/\/spd-toenisvorst.de\/index.php\/wp-json\/wp\/v2\/posts\/1417","targetHints":{"allow":["GET"]}}],"collection":[{"href":"https:\/\/spd-toenisvorst.de\/index.php\/wp-json\/wp\/v2\/posts"}],"about":[{"href":"https:\/\/spd-toenisvorst.de\/index.php\/wp-json\/wp\/v2\/types\/post"}],"author":[{"embeddable":true,"href":"https:\/\/spd-toenisvorst.de\/index.php\/wp-json\/wp\/v2\/users\/4"}],"replies":[{"embeddable":true,"href":"https:\/\/spd-toenisvorst.de\/index.php\/wp-json\/wp\/v2\/comments?post=1417"}],"version-history":[{"count":2,"href":"https:\/\/spd-toenisvorst.de\/index.php\/wp-json\/wp\/v2\/posts\/1417\/revisions"}],"predecessor-version":[{"id":1419,"href":"https:\/\/spd-toenisvorst.de\/index.php\/wp-json\/wp\/v2\/posts\/1417\/revisions\/1419"}],"wp:attachment":[{"href":"https:\/\/spd-toenisvorst.de\/index.php\/wp-json\/wp\/v2\/media?parent=1417"}],"wp:term":[{"taxonomy":"category","embeddable":true,"href":"https:\/\/spd-toenisvorst.de\/index.php\/wp-json\/wp\/v2\/categories?post=1417"},{"taxonomy":"post_tag","embeddable":true,"href":"https:\/\/spd-toenisvorst.de\/index.php\/wp-json\/wp\/v2\/tags?post=1417"}],"curies":[{"name":"wp","href":"https:\/\/api.w.org\/{rel}","templated":true}]}}