{"id":1340,"date":"2024-03-30T14:07:46","date_gmt":"2024-03-30T12:07:46","guid":{"rendered":"https:\/\/spd-toenisvorst.de\/?p=1340"},"modified":"2024-03-30T14:07:46","modified_gmt":"2024-03-30T12:07:46","slug":"rng-neubau-am-wasserturm-beschlossen","status":"publish","type":"post","link":"https:\/\/spd-toenisvorst.de\/index.php\/2024\/03\/30\/rng-neubau-am-wasserturm-beschlossen\/","title":{"rendered":"RNG Neubau am Wasserturm beschlossen"},"content":{"rendered":"\n<p>Meine Einsch\u00e4tzung&#8230; da f\u00e4llt vielen jungen Familien und Eltern ein Stein vom Herzen, das es trotz widriger Aktionen nun endlich los geht. Endlich bekommen die Sch\u00fcler und Sch\u00fclerinnen des RNG eine angemessene Schule. Und im Stillen sind auch das MEG,&nbsp;<a><\/a>die Turnerschaft und das Akkordeon Orchester froh keine jahrelange Baustelle vor der T\u00fcr zu haben, und nicht auf einem dann sp\u00e4ter zugepflasterten Gel\u00e4nde ohne bestehende Freir\u00e4ume auszukommen\u2026<\/p>\n\n\n\n<p>H\u00f6rt man so im Hintergrund. Und meistens ist da was dran&#8230; Hans Joachim Kremser<\/p>\n","protected":false},"excerpt":{"rendered":"<p>Meine Einsch\u00e4tzung&#8230; da f\u00e4llt vielen jungen Familien und Eltern ein Stein vom Herzen, das es trotz widriger Aktionen nun endlich[&#8230;]<\/p>\n","protected":false},"author":4,"featured_media":1341,"comment_status":"closed","ping_status":"closed","sticky":false,"template":"","format":"standard","meta":{"footnotes":""},"categories":[3,5],"tags":[],"class_list":["post-1340","post","type-post","status-publish","format-standard","has-post-thumbnail","hentry","category-aktuelles","category-presse"],"_links":{"self":[{"href":"https:\/\/spd-toenisvorst.de\/index.php\/wp-json\/wp\/v2\/posts\/1340","targetHints":{"allow":["GET"]}}],"collection":[{"href":"https:\/\/spd-toenisvorst.de\/index.php\/wp-json\/wp\/v2\/posts"}],"about":[{"href":"https:\/\/spd-toenisvorst.de\/index.php\/wp-json\/wp\/v2\/types\/post"}],"author":[{"embeddable":true,"href":"https:\/\/spd-toenisvorst.de\/index.php\/wp-json\/wp\/v2\/users\/4"}],"replies":[{"embeddable":true,"href":"https:\/\/spd-toenisvorst.de\/index.php\/wp-json\/wp\/v2\/comments?post=1340"}],"version-history":[{"count":1,"href":"https:\/\/spd-toenisvorst.de\/index.php\/wp-json\/wp\/v2\/posts\/1340\/revisions"}],"predecessor-version":[{"id":1342,"href":"https:\/\/spd-toenisvorst.de\/index.php\/wp-json\/wp\/v2\/posts\/1340\/revisions\/1342"}],"wp:featuredmedia":[{"embeddable":true,"href":"https:\/\/spd-toenisvorst.de\/index.php\/wp-json\/wp\/v2\/media\/1341"}],"wp:attachment":[{"href":"https:\/\/spd-toenisvorst.de\/index.php\/wp-json\/wp\/v2\/media?parent=1340"}],"wp:term":[{"taxonomy":"category","embeddable":true,"href":"https:\/\/spd-toenisvorst.de\/index.php\/wp-json\/wp\/v2\/categories?post=1340"},{"taxonomy":"post_tag","embeddable":true,"href":"https:\/\/spd-toenisvorst.de\/index.php\/wp-json\/wp\/v2\/tags?post=1340"}],"curies":[{"name":"wp","href":"https:\/\/api.w.org\/{rel}","templated":true}]}}