{"id":1334,"date":"2023-11-26T13:50:40","date_gmt":"2023-11-26T11:50:40","guid":{"rendered":"https:\/\/spd-toenisvorst.de\/?p=1334"},"modified":"2023-11-26T17:49:27","modified_gmt":"2023-11-26T15:49:27","slug":"spd-vor-ort-4-12-sternstrasse","status":"publish","type":"post","link":"https:\/\/spd-toenisvorst.de\/index.php\/2023\/11\/26\/spd-vor-ort-4-12-sternstrasse\/","title":{"rendered":"SPD vor Ort 2.12. 2023 Sternstra\u00dfe, ehemaliger Spielplatz"},"content":{"rendered":"\n<p>Die T\u00f6nisvorster SPD priorisiert eine neue Kindertagesst\u00e4tte an der Sternstra\u00dfe in T\u00f6nisvorst<br>Das sind die wichtigsten Gr\u00fcnde: Fr\u00fchkindliche Bildung: Diese \u201enahe\u201c Kindertagesst\u00e4tte bietet den Kindern im S\u00fcdviertel die M\u00f6glichkeit, fr\u00fchzeitig Bildungs- und Lernangebote in unmittelbarer N\u00e4he zu erhalten. Sie werden spielerisch in gewohnter Umgebung an verschiedene Themen herangef\u00fchrt und entwickeln wichtige F\u00e4higkeiten wie soziale Kompetenz, Kreativit\u00e4t und kognitive F\u00e4higkeiten in ihrem eigenen Wohngebiet, mit aktueller Neuausrichtung durch viele junge Familien.<br>Soziale Interaktion: Diese Kindertagesst\u00e4tte bietet Kindern dar\u00fcber hinaus die M\u00f6glichkeit, mit anderen Kindern aus der Nachbarschaft in Kontakt zu treten und lokale soziale F\u00e4higkeiten zu entwickeln. Sie lernen, sich in eine Gruppe zu integrieren und gemeinsam zu spielen.<br>Entlastung f\u00fcr Eltern: Eine Kindertagesst\u00e4tte in einem sich verj\u00fcngenden Wohngebiet bietet den Eltern eine r\u00e4umlich nahe M\u00f6glichkeit zur Betreuung ihrer Kinder w\u00e4hrend der Arbeitszeit. Dies erm\u00f6glicht Eltern, berufst\u00e4tig zu sein oder andere Verpflichtungen zu erf\u00fcllen, w\u00e4hrend das Kind in einer sicheren, nahen und bekannten Umgebung ist.<br>Insgesamt ist eine Kindertagesst\u00e4tte an der Sternstra\u00dfe aus Sicht der T\u00f6nisvorster SPD daher besonders wichtig, um den Kindern vor Ort eine optimale Entwicklung und Bildung in bekannter und gewohnter Umgebung zu erm\u00f6glichen, und das ohne den allmorgendlichen Eltern Transport durch die halbe Stadt.<br>Lassen Sie uns dar\u00fcber reden, sagen Sie uns Ihre Meinung.<\/p>\n","protected":false},"excerpt":{"rendered":"<p>Die T\u00f6nisvorster SPD priorisiert eine neue Kindertagesst\u00e4tte an der Sternstra\u00dfe in T\u00f6nisvorstDas sind die wichtigsten Gr\u00fcnde: Fr\u00fchkindliche Bildung: Diese \u201enahe\u201c[&#8230;]<\/p>\n","protected":false},"author":4,"featured_media":1335,"comment_status":"closed","ping_status":"closed","sticky":false,"template":"","format":"standard","meta":{"footnotes":""},"categories":[3,5],"tags":[],"class_list":["post-1334","post","type-post","status-publish","format-standard","has-post-thumbnail","hentry","category-aktuelles","category-presse"],"_links":{"self":[{"href":"https:\/\/spd-toenisvorst.de\/index.php\/wp-json\/wp\/v2\/posts\/1334","targetHints":{"allow":["GET"]}}],"collection":[{"href":"https:\/\/spd-toenisvorst.de\/index.php\/wp-json\/wp\/v2\/posts"}],"about":[{"href":"https:\/\/spd-toenisvorst.de\/index.php\/wp-json\/wp\/v2\/types\/post"}],"author":[{"embeddable":true,"href":"https:\/\/spd-toenisvorst.de\/index.php\/wp-json\/wp\/v2\/users\/4"}],"replies":[{"embeddable":true,"href":"https:\/\/spd-toenisvorst.de\/index.php\/wp-json\/wp\/v2\/comments?post=1334"}],"version-history":[{"count":2,"href":"https:\/\/spd-toenisvorst.de\/index.php\/wp-json\/wp\/v2\/posts\/1334\/revisions"}],"predecessor-version":[{"id":1337,"href":"https:\/\/spd-toenisvorst.de\/index.php\/wp-json\/wp\/v2\/posts\/1334\/revisions\/1337"}],"wp:featuredmedia":[{"embeddable":true,"href":"https:\/\/spd-toenisvorst.de\/index.php\/wp-json\/wp\/v2\/media\/1335"}],"wp:attachment":[{"href":"https:\/\/spd-toenisvorst.de\/index.php\/wp-json\/wp\/v2\/media?parent=1334"}],"wp:term":[{"taxonomy":"category","embeddable":true,"href":"https:\/\/spd-toenisvorst.de\/index.php\/wp-json\/wp\/v2\/categories?post=1334"},{"taxonomy":"post_tag","embeddable":true,"href":"https:\/\/spd-toenisvorst.de\/index.php\/wp-json\/wp\/v2\/tags?post=1334"}],"curies":[{"name":"wp","href":"https:\/\/api.w.org\/{rel}","templated":true}]}}