{"id":1331,"date":"2023-11-19T14:10:54","date_gmt":"2023-11-19T12:10:54","guid":{"rendered":"https:\/\/spd-toenisvorst.de\/?p=1331"},"modified":"2023-11-19T14:10:54","modified_gmt":"2023-11-19T12:10:54","slug":"spd-kreisvorstand-neu-gewaehlt","status":"publish","type":"post","link":"https:\/\/spd-toenisvorst.de\/index.php\/2023\/11\/19\/spd-kreisvorstand-neu-gewaehlt\/","title":{"rendered":"SPD Kreisvorstand neu gew\u00e4hlt"},"content":{"rendered":"\n<p>Am Samstag haben die Delegierten aus T\u00f6nisvorst am SPD-Kreisparteitag in Viersen teilgenommen. Unter anderem wurden aus T\u00f6nisvorst Silke Depta als stellv. Vorsitzende, Benno Henschen als Schriftf\u00fchrer und Hans Joachim Kremser als Beisitzer in den Kreis Vorstand gew\u00e4hlt.<\/p>\n","protected":false},"excerpt":{"rendered":"<p>Am Samstag haben die Delegierten aus T\u00f6nisvorst am SPD-Kreisparteitag in Viersen teilgenommen. Unter anderem wurden aus T\u00f6nisvorst Silke Depta als[&#8230;]<\/p>\n","protected":false},"author":4,"featured_media":1332,"comment_status":"closed","ping_status":"closed","sticky":false,"template":"","format":"standard","meta":{"footnotes":""},"categories":[3,5],"tags":[],"class_list":["post-1331","post","type-post","status-publish","format-standard","has-post-thumbnail","hentry","category-aktuelles","category-presse"],"_links":{"self":[{"href":"https:\/\/spd-toenisvorst.de\/index.php\/wp-json\/wp\/v2\/posts\/1331","targetHints":{"allow":["GET"]}}],"collection":[{"href":"https:\/\/spd-toenisvorst.de\/index.php\/wp-json\/wp\/v2\/posts"}],"about":[{"href":"https:\/\/spd-toenisvorst.de\/index.php\/wp-json\/wp\/v2\/types\/post"}],"author":[{"embeddable":true,"href":"https:\/\/spd-toenisvorst.de\/index.php\/wp-json\/wp\/v2\/users\/4"}],"replies":[{"embeddable":true,"href":"https:\/\/spd-toenisvorst.de\/index.php\/wp-json\/wp\/v2\/comments?post=1331"}],"version-history":[{"count":1,"href":"https:\/\/spd-toenisvorst.de\/index.php\/wp-json\/wp\/v2\/posts\/1331\/revisions"}],"predecessor-version":[{"id":1333,"href":"https:\/\/spd-toenisvorst.de\/index.php\/wp-json\/wp\/v2\/posts\/1331\/revisions\/1333"}],"wp:featuredmedia":[{"embeddable":true,"href":"https:\/\/spd-toenisvorst.de\/index.php\/wp-json\/wp\/v2\/media\/1332"}],"wp:attachment":[{"href":"https:\/\/spd-toenisvorst.de\/index.php\/wp-json\/wp\/v2\/media?parent=1331"}],"wp:term":[{"taxonomy":"category","embeddable":true,"href":"https:\/\/spd-toenisvorst.de\/index.php\/wp-json\/wp\/v2\/categories?post=1331"},{"taxonomy":"post_tag","embeddable":true,"href":"https:\/\/spd-toenisvorst.de\/index.php\/wp-json\/wp\/v2\/tags?post=1331"}],"curies":[{"name":"wp","href":"https:\/\/api.w.org\/{rel}","templated":true}]}}