{"id":1271,"date":"2023-02-17T18:57:19","date_gmt":"2023-02-17T16:57:19","guid":{"rendered":"https:\/\/spd-toenisvorst.de\/?p=1271"},"modified":"2023-02-17T18:59:11","modified_gmt":"2023-02-17T16:59:11","slug":"benno-henschen-rueckt-fuer-ulrike-zitz-in-den-rat","status":"publish","type":"post","link":"https:\/\/spd-toenisvorst.de\/index.php\/2023\/02\/17\/benno-henschen-rueckt-fuer-ulrike-zitz-in-den-rat\/","title":{"rendered":"Benno Henschen r\u00fcckt f\u00fcr Ulrike Zitz in den Rat"},"content":{"rendered":"\n<p>Der 62j\u00e4hrige Rentner ist ehemaliger Betriebsrat und Aktiver Gewerkschafter der IGBCE (Industriegewerkschaft Bergbau und Energie).<\/p>\n\n\n\n<p>Die Liebe hat Ihn vor acht Jahren in unsere Stadt gebracht, dort lebt er gerne mit Frau und Hund.<\/p>\n\n\n\n<p>Zwei erwachsene T\u00f6chter und ein Enkel sind sein ganzer Stolz.<\/p>\n\n\n\n<p>Die Weiterentwicklung unserer Stadt liegt Ihm am Herzen.<\/p>\n\n\n\n<p>Hierzu geh\u00f6ren unter anderem auch das gemeinschaftliche Leben und Erleben unserer Stadt.<\/p>\n\n\n\n<p>Eine gute Mischung aus allen Altersschichten geh\u00f6rt genauso dazu wie der bezahlbare Wohnraum f\u00fcr alle.<\/p>\n\n\n\n<p>Explodierende Mieten und knapper werdende Grundst\u00fccke sind gute Argumente, sich dieses Themas intensiv zu widmen. Alternativen werden gesucht!<\/p>\n\n\n\n<p>Der Ausbau und die Gestaltung unserer Innenstadt mit ausgewiesenen Radwegen und zeitgem\u00e4\u00dfe Fahrradst\u00e4nder sind nur einige weitere Punkte.<\/p>\n\n\n\n<p>Sie alle geh\u00f6ren zu einem Gesamtkonzept, das st\u00e4ndig weiter entwickelt werden muss, um unsere Stadt lebenswerter zu gestalten.<\/p>\n\n\n\n<p>Wir alle m\u00fcssen Mut beweisen, um auch in kleinen Schritten unserem Ziel ein St\u00fcck n\u00e4her zu kommen.<\/p>\n\n\n\n<p>Diesen Zielen m\u00f6chte sich Benno Henschen mit Elan stellen und seinen Beitrag in einem starken Team aus Genossen leisten.<\/p>\n\n\n\n<p>Gl\u00fcckauf!<\/p>\n","protected":false},"excerpt":{"rendered":"<p>Der 62j\u00e4hrige Rentner ist ehemaliger Betriebsrat und Aktiver Gewerkschafter der IGBCE (Industriegewerkschaft Bergbau und Energie). Die Liebe hat Ihn vor[&#8230;]<\/p>\n","protected":false},"author":4,"featured_media":1273,"comment_status":"closed","ping_status":"closed","sticky":false,"template":"","format":"standard","meta":{"footnotes":""},"categories":[3,4],"tags":[],"class_list":["post-1271","post","type-post","status-publish","format-standard","has-post-thumbnail","hentry","category-aktuelles","category-kommunalwahl-2020"],"_links":{"self":[{"href":"https:\/\/spd-toenisvorst.de\/index.php\/wp-json\/wp\/v2\/posts\/1271","targetHints":{"allow":["GET"]}}],"collection":[{"href":"https:\/\/spd-toenisvorst.de\/index.php\/wp-json\/wp\/v2\/posts"}],"about":[{"href":"https:\/\/spd-toenisvorst.de\/index.php\/wp-json\/wp\/v2\/types\/post"}],"author":[{"embeddable":true,"href":"https:\/\/spd-toenisvorst.de\/index.php\/wp-json\/wp\/v2\/users\/4"}],"replies":[{"embeddable":true,"href":"https:\/\/spd-toenisvorst.de\/index.php\/wp-json\/wp\/v2\/comments?post=1271"}],"version-history":[{"count":1,"href":"https:\/\/spd-toenisvorst.de\/index.php\/wp-json\/wp\/v2\/posts\/1271\/revisions"}],"predecessor-version":[{"id":1272,"href":"https:\/\/spd-toenisvorst.de\/index.php\/wp-json\/wp\/v2\/posts\/1271\/revisions\/1272"}],"wp:featuredmedia":[{"embeddable":true,"href":"https:\/\/spd-toenisvorst.de\/index.php\/wp-json\/wp\/v2\/media\/1273"}],"wp:attachment":[{"href":"https:\/\/spd-toenisvorst.de\/index.php\/wp-json\/wp\/v2\/media?parent=1271"}],"wp:term":[{"taxonomy":"category","embeddable":true,"href":"https:\/\/spd-toenisvorst.de\/index.php\/wp-json\/wp\/v2\/categories?post=1271"},{"taxonomy":"post_tag","embeddable":true,"href":"https:\/\/spd-toenisvorst.de\/index.php\/wp-json\/wp\/v2\/tags?post=1271"}],"curies":[{"name":"wp","href":"https:\/\/api.w.org\/{rel}","templated":true}]}}