{"id":1258,"date":"2023-01-27T20:19:14","date_gmt":"2023-01-27T18:19:14","guid":{"rendered":"https:\/\/spd-toenisvorst.de\/?p=1258"},"modified":"2023-01-27T20:28:46","modified_gmt":"2023-01-27T18:28:46","slug":"we-remember","status":"publish","type":"post","link":"https:\/\/spd-toenisvorst.de\/index.php\/2023\/01\/27\/we-remember\/","title":{"rendered":"# weremember"},"content":{"rendered":"\n<p>J\u00fcdinnen und Juden, Sinti und Roma, Menschen mit Behinderung, queere Menschen, politisch Andersdenkende sowie M\u00e4nner und Frauen des Widerstandes, Wissenschaftler, K\u00fcnstler und Zwangsarbeiter: Millionen Menschen wurden unter der nationalsozialistischen Gewaltherrschaft entrechtet, verfolgt, gequ\u00e4lt und ermordet. Am heutigen Tag gedenken wir ihrer und halten ihr Andenken in Ehre. Auch wenn die Zeitzeug*innen immer weniger werden, m\u00fcssen wir das Gedenken aufrechterhalten und aktiv Erinnerungsarbeit leisten. Nur so k\u00f6nnen wir wirksam gegen Rassismus, Antisemitismus und Hass k\u00e4mpfen.<\/p>\n","protected":false},"excerpt":{"rendered":"<p>J\u00fcdinnen und Juden, Sinti und Roma, Menschen mit Behinderung, queere Menschen, politisch Andersdenkende sowie M\u00e4nner und Frauen des Widerstandes, Wissenschaftler,[&#8230;]<\/p>\n","protected":false},"author":4,"featured_media":1259,"comment_status":"closed","ping_status":"closed","sticky":false,"template":"","format":"standard","meta":{"footnotes":""},"categories":[3,5],"tags":[],"class_list":["post-1258","post","type-post","status-publish","format-standard","has-post-thumbnail","hentry","category-aktuelles","category-presse"],"_links":{"self":[{"href":"https:\/\/spd-toenisvorst.de\/index.php\/wp-json\/wp\/v2\/posts\/1258","targetHints":{"allow":["GET"]}}],"collection":[{"href":"https:\/\/spd-toenisvorst.de\/index.php\/wp-json\/wp\/v2\/posts"}],"about":[{"href":"https:\/\/spd-toenisvorst.de\/index.php\/wp-json\/wp\/v2\/types\/post"}],"author":[{"embeddable":true,"href":"https:\/\/spd-toenisvorst.de\/index.php\/wp-json\/wp\/v2\/users\/4"}],"replies":[{"embeddable":true,"href":"https:\/\/spd-toenisvorst.de\/index.php\/wp-json\/wp\/v2\/comments?post=1258"}],"version-history":[{"count":2,"href":"https:\/\/spd-toenisvorst.de\/index.php\/wp-json\/wp\/v2\/posts\/1258\/revisions"}],"predecessor-version":[{"id":1261,"href":"https:\/\/spd-toenisvorst.de\/index.php\/wp-json\/wp\/v2\/posts\/1258\/revisions\/1261"}],"wp:featuredmedia":[{"embeddable":true,"href":"https:\/\/spd-toenisvorst.de\/index.php\/wp-json\/wp\/v2\/media\/1259"}],"wp:attachment":[{"href":"https:\/\/spd-toenisvorst.de\/index.php\/wp-json\/wp\/v2\/media?parent=1258"}],"wp:term":[{"taxonomy":"category","embeddable":true,"href":"https:\/\/spd-toenisvorst.de\/index.php\/wp-json\/wp\/v2\/categories?post=1258"},{"taxonomy":"post_tag","embeddable":true,"href":"https:\/\/spd-toenisvorst.de\/index.php\/wp-json\/wp\/v2\/tags?post=1258"}],"curies":[{"name":"wp","href":"https:\/\/api.w.org\/{rel}","templated":true}]}}