{"id":1216,"date":"2022-09-07T15:46:08","date_gmt":"2022-09-07T13:46:08","guid":{"rendered":"https:\/\/spd-toenisvorst.de\/?p=1216"},"modified":"2022-09-07T15:49:39","modified_gmt":"2022-09-07T13:49:39","slug":"versprochen-umgesetzt","status":"publish","type":"post","link":"https:\/\/spd-toenisvorst.de\/index.php\/2022\/09\/07\/versprochen-umgesetzt\/","title":{"rendered":"Versprochen, Umgesetzt!"},"content":{"rendered":"\n<p><\/p>\n\n\n\n<p>Gestern hat der Planungausschuss mit deutlicher Mehrheit dem SPD Antrag folgend, den Grundsatzbeschluss zur Quotierung von bezahlbarem Wohnraum f\u00fcr T\u00f6nisvorst beschlossen.<\/p>\n\n\n\n<p>Eine gute Entscheidung!<\/p>\n\n\n\n<p>2. <a><\/a>Grundsatzbeschluss<\/p>\n\n\n\n<p>Bei Neuausweisung von Bauland und einer baulichen Nachverdichtung, die \u00fcber das<\/p>\n\n\n\n<p>bestehende Baurecht (Bebauungsplan, Innenbereich) hinausgeht, wird die Stadt T\u00f6nisvorst<\/p>\n\n\n\n<p>nur dann neues Baurecht schaffen, wenn sichergestellt ist, dass eine dem Wohl der<\/p>\n\n\n\n<p>Allgemeinheit dienende sozialgerechte Bodennutzung unter Ber\u00fccksichtigung der<\/p>\n\n\n\n<p>Wohnbed\u00fcrfnisse der Bev\u00f6lkerung rechtlich gesichert ist.<\/p>\n\n\n\n<p>Mit der Einf\u00fchrung einer Quotierungsregelung werden die Anteile von preiswerten und<\/p>\n\n\n\n<p>bezahlbaren Wohnungen in einem Neubaugebiet festgesetzt.<\/p>\n\n\n\n<p>\u2022 Schaffung von Wohnraum f\u00fcr Haushalte mit geringen und mittleren Einkommen in<\/p>\n\n\n\n<p>Neubaugebieten (preisged\u00e4mpfter Wohnungsbau)<\/p>\n\n\n\n<p>\u2022 Schaffung von Wohnraum f\u00fcr Haushalte mit unteren Einkommen (gef\u00f6rderter<\/p>\n\n\n\n<p>Wohnungsbau)<\/p>\n\n\n\n<p>Insgesamt 30 % der geplanten Wohneinheiten m\u00fcssen im \u00f6ffentlich gef\u00f6rderten oder<\/p>\n\n\n\n<p>preisged\u00e4mpften Segment realisiert werden&#8230;<\/p>\n\n\n\n<p><\/p>\n\n\n\n<p><\/p>\n\n\n\n<p><\/p>\n","protected":false},"excerpt":{"rendered":"<p>Gestern hat der Planungausschuss mit deutlicher Mehrheit dem SPD Antrag folgend, den Grundsatzbeschluss zur Quotierung von bezahlbarem Wohnraum f\u00fcr T\u00f6nisvorst[&#8230;]<\/p>\n","protected":false},"author":4,"featured_media":928,"comment_status":"closed","ping_status":"closed","sticky":false,"template":"","format":"standard","meta":{"footnotes":""},"categories":[3],"tags":[],"class_list":["post-1216","post","type-post","status-publish","format-standard","has-post-thumbnail","hentry","category-aktuelles"],"_links":{"self":[{"href":"https:\/\/spd-toenisvorst.de\/index.php\/wp-json\/wp\/v2\/posts\/1216","targetHints":{"allow":["GET"]}}],"collection":[{"href":"https:\/\/spd-toenisvorst.de\/index.php\/wp-json\/wp\/v2\/posts"}],"about":[{"href":"https:\/\/spd-toenisvorst.de\/index.php\/wp-json\/wp\/v2\/types\/post"}],"author":[{"embeddable":true,"href":"https:\/\/spd-toenisvorst.de\/index.php\/wp-json\/wp\/v2\/users\/4"}],"replies":[{"embeddable":true,"href":"https:\/\/spd-toenisvorst.de\/index.php\/wp-json\/wp\/v2\/comments?post=1216"}],"version-history":[{"count":3,"href":"https:\/\/spd-toenisvorst.de\/index.php\/wp-json\/wp\/v2\/posts\/1216\/revisions"}],"predecessor-version":[{"id":1220,"href":"https:\/\/spd-toenisvorst.de\/index.php\/wp-json\/wp\/v2\/posts\/1216\/revisions\/1220"}],"wp:featuredmedia":[{"embeddable":true,"href":"https:\/\/spd-toenisvorst.de\/index.php\/wp-json\/wp\/v2\/media\/928"}],"wp:attachment":[{"href":"https:\/\/spd-toenisvorst.de\/index.php\/wp-json\/wp\/v2\/media?parent=1216"}],"wp:term":[{"taxonomy":"category","embeddable":true,"href":"https:\/\/spd-toenisvorst.de\/index.php\/wp-json\/wp\/v2\/categories?post=1216"},{"taxonomy":"post_tag","embeddable":true,"href":"https:\/\/spd-toenisvorst.de\/index.php\/wp-json\/wp\/v2\/tags?post=1216"}],"curies":[{"name":"wp","href":"https:\/\/api.w.org\/{rel}","templated":true}]}}