{"id":1140,"date":"2022-02-25T11:09:54","date_gmt":"2022-02-25T09:09:54","guid":{"rendered":"https:\/\/spd-toenisvorst.de\/?p=1140"},"modified":"2022-02-25T11:17:19","modified_gmt":"2022-02-25T09:17:19","slug":"demo-fuer-den-frieden-am-samstag-in-toenisvorst","status":"publish","type":"post","link":"https:\/\/spd-toenisvorst.de\/index.php\/2022\/02\/25\/demo-fuer-den-frieden-am-samstag-in-toenisvorst\/","title":{"rendered":"Demo f\u00fcr den Frieden am Samstag in T\u00f6nisvorst"},"content":{"rendered":"\n<p><\/p>\n\n\n\n<p>Ein gemeinsames Zeichen f\u00fcr den Frieden wollen die Jugendorganisationen der Parteien in T\u00f6nisvorst am kommenden Samstag setzen. Geplant ist ein Treffen um 16 Uhr auf dem Rathausplatz in St. T\u00f6nis. F\u00fcr die jungen Politiker ist klar: &#8222;Wir sind froh, dass wir in einer Generation gro\u00df geworden sind, f\u00fcr die Frieden in Europa selbstverst\u00e4ndlich geworden ist. Wir wollen mit der Demo ein gemeinsames Zeichen f\u00fcr den Frieden setzen&#8220;, so die Vorsitzenden der Jusos, JU, JuLis und Jungen Gr\u00fcnen einstimmig.<\/p>\n\n\n\n<p>Es gilt die aktuelle Corona-Schutzverordnung inkl. durchg\u00e4ngiger Maskenpflicht.&nbsp;<\/p>\n","protected":false},"excerpt":{"rendered":"<p>Ein gemeinsames Zeichen f\u00fcr den Frieden wollen die Jugendorganisationen der Parteien in T\u00f6nisvorst am kommenden Samstag setzen. Geplant ist ein[&#8230;]<\/p>\n","protected":false},"author":4,"featured_media":1148,"comment_status":"closed","ping_status":"closed","sticky":false,"template":"","format":"standard","meta":{"footnotes":""},"categories":[3,5],"tags":[],"class_list":["post-1140","post","type-post","status-publish","format-standard","has-post-thumbnail","hentry","category-aktuelles","category-presse"],"_links":{"self":[{"href":"https:\/\/spd-toenisvorst.de\/index.php\/wp-json\/wp\/v2\/posts\/1140","targetHints":{"allow":["GET"]}}],"collection":[{"href":"https:\/\/spd-toenisvorst.de\/index.php\/wp-json\/wp\/v2\/posts"}],"about":[{"href":"https:\/\/spd-toenisvorst.de\/index.php\/wp-json\/wp\/v2\/types\/post"}],"author":[{"embeddable":true,"href":"https:\/\/spd-toenisvorst.de\/index.php\/wp-json\/wp\/v2\/users\/4"}],"replies":[{"embeddable":true,"href":"https:\/\/spd-toenisvorst.de\/index.php\/wp-json\/wp\/v2\/comments?post=1140"}],"version-history":[{"count":1,"href":"https:\/\/spd-toenisvorst.de\/index.php\/wp-json\/wp\/v2\/posts\/1140\/revisions"}],"predecessor-version":[{"id":1142,"href":"https:\/\/spd-toenisvorst.de\/index.php\/wp-json\/wp\/v2\/posts\/1140\/revisions\/1142"}],"wp:featuredmedia":[{"embeddable":true,"href":"https:\/\/spd-toenisvorst.de\/index.php\/wp-json\/wp\/v2\/media\/1148"}],"wp:attachment":[{"href":"https:\/\/spd-toenisvorst.de\/index.php\/wp-json\/wp\/v2\/media?parent=1140"}],"wp:term":[{"taxonomy":"category","embeddable":true,"href":"https:\/\/spd-toenisvorst.de\/index.php\/wp-json\/wp\/v2\/categories?post=1140"},{"taxonomy":"post_tag","embeddable":true,"href":"https:\/\/spd-toenisvorst.de\/index.php\/wp-json\/wp\/v2\/tags?post=1140"}],"curies":[{"name":"wp","href":"https:\/\/api.w.org\/{rel}","templated":true}]}}