{"id":1136,"date":"2022-02-16T17:53:33","date_gmt":"2022-02-16T15:53:33","guid":{"rendered":"https:\/\/spd-toenisvorst.de\/?p=1136"},"modified":"2022-03-02T17:32:14","modified_gmt":"2022-03-02T15:32:14","slug":"1136","status":"publish","type":"post","link":"https:\/\/spd-toenisvorst.de\/index.php\/2022\/02\/16\/1136\/","title":{"rendered":""},"content":{"rendered":"\n<p>Die Meinungsfreiheit und das Recht auf B\u00fcrgerbeteiligung bei Entscheidungen ist ein hohes Gut. Darum ist es wichtig hier ehrlich und klar zu argumentieren. Was aber die CampCorn Initiative zur Zeit betreibt entfernt sich immer mehr von Gemeininteresse der B\u00fcrgerinnen und B\u00fcrger hin zu populistischen Gehabe zum Zweck der Durchsetzung eigener pers\u00f6nlicher Interessen\u2026Hier die Belege:<\/p>\n\n\n\n<p>Behauptung: Gefahr h\u00f6herer Steuern und Abgaben<\/p>\n\n\n\n<p>Richtig ist: Steuern und Abgabenerh\u00f6hung von der Verwaltung nicht beabsichtigt<\/p>\n\n\n\n<p>Behauptung: zu wenig Platz f\u00fcr Alle Sch\u00fclerinnen und Sch\u00fcler<\/p>\n\n\n\n<p>Richtig ist: diese Behauptung ist aus der Luft gegriffen, die Planung erf\u00fcllt alle Anforderung an Schulen.<\/p>\n\n\n\n<p>Behauptung: Keine Erweiterung m\u00f6glich<\/p>\n\n\n\n<p>Richtig ist: beide Schulen sind an die Vorgaben des Schulentwicklungsplans angepasst und mehr als ausreichend auch f\u00fcr die Zukunft dimensioniert.<\/p>\n\n\n\n<p>Behauptung: Keine Parkpl\u00e4tze \u2013 Parken am Real,<\/p>\n\n\n\n<p>Richtig ist: Es werden selbstverst\u00e4ndlich Parkpl\u00e4tze f\u00fcr Lehrer und Verwaltung und Besucher geschaffen, bei Veranstaltungen und Sportereignissen greifen die Real Parkpl\u00e4tze als zus\u00e4tzliche Parkm\u00f6glichkeiten<\/p>\n\n\n\n<p>Behauptung: Erheblicher Fl\u00e4chenverbrauch<\/p>\n\n\n\n<p>Richtig ist: die Bebauung das Campusgel\u00e4ndes ist im Bezug auf den Fl\u00e4chenverbrauch und den Gr\u00fcnausgleich optimiert, das tr\u00e4gt auch die Bezirksregierung zu 100% mit.<\/p>\n\n\n\n<p>Behauptung: Nicht ausreichende Zahl an Sporthallen.<\/p>\n\n\n\n<p>Richtig ist: hier fehlen aus den verpachteten Sporthallen alle Informationen der Vereine \u00fcber die tats\u00e4chliche Nutzung. Erst dann kann die Politik entsprechend reagieren.<\/p>\n\n\n\n<p>Behauptung: Verkehrschaos auf mehreren Stra\u00dfen<\/p>\n\n\n\n<p>Richtig ist. Zur Planung geh\u00f6rt nat\u00fcrlich auch ein neues Verkehrskonzept, das die tats\u00e4chlichen Verkehre analysiert und konzeptionell leitet.<\/p>\n\n\n\n<p>Behauptung: Chance auf mehr Schule f\u00fcr weniger Geld<\/p>\n\n\n\n<p>Richtig ist: CampCorn blendet die Gesamtschule komplett aus, die Sanierung der Corneliusfeldschule allein betrachtet ist nicht m\u00f6glich. Daher ist die Behauptung inhaltslos.<\/p>\n\n\n\n<p>Behauptung: Umfassende Raumkapazit\u00e4ten<\/p>\n\n\n\n<p>Richtig ist: diese Behauptung stimmt nur wenn man die Gesamtschule aus dem Corneliusfeld herausnimmt, aber wo soll die dann hin? Eine irref\u00fchrende Behauptung.<\/p>\n\n\n\n<p>Behauptung: Reichlich Parkpl\u00e4tze am Schulzentrum<\/p>\n\n\n\n<p>Richtig ist: bei Veranstaltungen in der Sporthalle, der Turnerschaft oder dem Akkordeonorchester kommt es immer wieder zu dramatischen Parksituationen auf und um das Gel\u00e4nde.<\/p>\n\n\n\n<p>Behauptung: Schonung von Ressourcen<\/p>\n\n\n\n<p>Richtig ist: Mittel und langfristig ist der Campus \u00f6kologisch die deutlich Ressourcenschonende Entscheidung auch im Hinblick auf die CO2 Bilanz der Stadt.<\/p>\n\n\n\n<p>Behauptung: Angemessene Zahl an Sporthallen m\u00f6glich<\/p>\n\n\n\n<p>Richtig ist: Es fehlen belastbare Zahlen der Vereine dazu\u2026<\/p>\n\n\n\n<p>Behauptung: Vorhandene und Ausbauf\u00e4hige Verkehrsanbindung<\/p>\n\n\n\n<p>Richtig ist: Gilt auch f\u00fcr das Campusprojekt. Im Gegensatz zur Corneliusstra\u00dfe verf\u00fcgt die Vorster Stra\u00dfe \u00fcber einen eigenen Radweg\u2026<\/p>\n\n\n\n<p>Res\u00fcmee<\/p>\n\n\n\n<p>Bei einem B\u00fcrgerentscheid geht die Verantwortung der Entscheidung auf die B\u00fcrgerschaft \u00fcber. Sie entscheiden daher \u00fcber die T\u00f6nisvorster Schullandschaft den n\u00e4chsten 50 Jahre, \u00fcber die Schaffung von bezahlbarem Wohnraum in der Innenstadt, \u00f6kologische Wohnen und den CO2 Footprint unserer Stadt.<\/p>\n\n\n\n<p>Es ist aus unserer Sicht absolut wichtig sich umfassend mit dem Thema zu befassen bevor Sie Ihre Position verantwortungsvoll finden.<\/p>\n\n\n\n<p>Es lohnt sich immer auch hier nachzulesen was tats\u00e4chlich gewollt, angedacht und vorgestellt wird.<a rel=\"noreferrer noopener\" href=\"https:\/\/l.facebook.com\/l.php?u=https%3A%2F%2Ftoenisvorst.heimatidee.de%2F%3Ffbclid%3DIwAR2S7uZyMM3jR5XLW8h61Zls5ZYQLm5F4ShENJ5ALtTpPZwyc-dKMqxA6VU&amp;h=AT2ZfuBXvO8jwSWfUFSWTrvCf_kJqIvn9K8S7vqJ1vkVcPM8k6b91X-U-5A0H9ByHbYhqvMET5cMX5YVdlY_MhpvuXa06uH-yM5wSxn4eC4eM1gRb5184MSnSPPRGxBa8dby&amp;__tn__=-UK-R&amp;c[0]=AT2B0vO8tErfxZOZpRxHZq9TGIyCyh-R2BFqk8tdgdc-HtCHOFhyx0gYDlTpggH-N3UcxN6gKjEofkvDNE5KeYBzO1-3_xIcY5NlrCvSO5xY136WczMoV1afoZYDEL7bI2_ze4sdp7gUIO_WJYo2c5N9a1jiWrC7bscQ3vsxZf-SHcoEI4psrYE6j1iTv7nofu7GC4c\" target=\"_blank\">https:\/\/toenisvorst.heimatidee.de\/<\/a><\/p>\n\n\n\n<p>Wir von der SPD stehen gern bei zielf\u00fchrenden Diskussionen zu Verf\u00fcgung.<a href=\"https:\/\/www.facebook.com\/SPDToevo\/photos\/a.174621526349182\/1278205595990764\/?__cft__[0]=AZXclmZnaJ52T0X0XFMZiEMF3NMQssqgMIEtJNjXsPeMH391VXx4UKsG3ul15OwJCRkggqhxYSjIwkc0_-h0kTOntej9bVEw45-ONV3gxjgm_tLyVIu2YVLV4qLfwJsKhlmODKa7tSkXO6CtJj8lzyRBWPZlLOBAkFWlbT7O2OKQPZ2dtaHDuKSP3c3Fole-hq0&amp;__tn__=EH-R\"><\/a><\/p>\n","protected":false},"excerpt":{"rendered":"<p>Die Meinungsfreiheit und das Recht auf B\u00fcrgerbeteiligung bei Entscheidungen ist ein hohes Gut. Darum ist es wichtig hier ehrlich und[&#8230;]<\/p>\n","protected":false},"author":4,"featured_media":1137,"comment_status":"closed","ping_status":"closed","sticky":false,"template":"","format":"standard","meta":{"footnotes":""},"categories":[3,5],"tags":[],"class_list":["post-1136","post","type-post","status-publish","format-standard","has-post-thumbnail","hentry","category-aktuelles","category-presse"],"_links":{"self":[{"href":"https:\/\/spd-toenisvorst.de\/index.php\/wp-json\/wp\/v2\/posts\/1136","targetHints":{"allow":["GET"]}}],"collection":[{"href":"https:\/\/spd-toenisvorst.de\/index.php\/wp-json\/wp\/v2\/posts"}],"about":[{"href":"https:\/\/spd-toenisvorst.de\/index.php\/wp-json\/wp\/v2\/types\/post"}],"author":[{"embeddable":true,"href":"https:\/\/spd-toenisvorst.de\/index.php\/wp-json\/wp\/v2\/users\/4"}],"replies":[{"embeddable":true,"href":"https:\/\/spd-toenisvorst.de\/index.php\/wp-json\/wp\/v2\/comments?post=1136"}],"version-history":[{"count":2,"href":"https:\/\/spd-toenisvorst.de\/index.php\/wp-json\/wp\/v2\/posts\/1136\/revisions"}],"predecessor-version":[{"id":1151,"href":"https:\/\/spd-toenisvorst.de\/index.php\/wp-json\/wp\/v2\/posts\/1136\/revisions\/1151"}],"wp:featuredmedia":[{"embeddable":true,"href":"https:\/\/spd-toenisvorst.de\/index.php\/wp-json\/wp\/v2\/media\/1137"}],"wp:attachment":[{"href":"https:\/\/spd-toenisvorst.de\/index.php\/wp-json\/wp\/v2\/media?parent=1136"}],"wp:term":[{"taxonomy":"category","embeddable":true,"href":"https:\/\/spd-toenisvorst.de\/index.php\/wp-json\/wp\/v2\/categories?post=1136"},{"taxonomy":"post_tag","embeddable":true,"href":"https:\/\/spd-toenisvorst.de\/index.php\/wp-json\/wp\/v2\/tags?post=1136"}],"curies":[{"name":"wp","href":"https:\/\/api.w.org\/{rel}","templated":true}]}}