{"id":1130,"date":"2022-02-14T20:49:23","date_gmt":"2022-02-14T18:49:23","guid":{"rendered":"https:\/\/spd-toenisvorst.de\/?p=1130"},"modified":"2022-02-14T20:51:45","modified_gmt":"2022-02-14T18:51:45","slug":"die-zukunft-der-stadt-liegt-in-unseren-haenden","status":"publish","type":"post","link":"https:\/\/spd-toenisvorst.de\/index.php\/2022\/02\/14\/die-zukunft-der-stadt-liegt-in-unseren-haenden\/","title":{"rendered":"Die Zukunft der Stadt liegt in unseren H\u00e4nden&#8230;"},"content":{"rendered":"\n<p>Es ist schade, dass eine Diskussion um die Zukunft der Schulen und der Stadt, kombiniert mit \u00f6kologischen Aspekten von neuen Bebauungen an den dann ehemaligen Schulstandorten so in ein Kalk\u00fcl hineingezogen wird. Dieses Thema Campus ist ein Thema, dem wir uns stellen m\u00fcssen, aber keine Vorlage f\u00fcr Profilneurose.<\/p>\n\n\n\n<p> Die Zeit steht nicht still und die Schulen werden nicht besser, ganz sicher. Es geht einigen Pers\u00f6nlichkeiten einzig, um die Wahrung eigener Interessen, das tut der sachlichen Diskussion nicht gut.<\/p>\n\n\n\n<p>Und genau das Szenario passiert gerade und wird in allen Variationen durchdekliniert. Warum Campus&#8230;<\/p>\n\n\n\n<p>Ich will das mal an einem einfachen Milchm\u00e4dchen-Beispiel festmachen, der Rat der Stadt ist bereit aktuell \u00fcber 1,5 Mio. Euro Zuschuss jedes Jahr f\u00fcr das Schwimmbad bereitzustellen, dem stimme ich ausdr\u00fccklich zu, aber umgerechnet auf fiktive 30.000 Besucher im Jahr sind das 500,00 Euro Zuschuss f\u00fcr jeden einzelnen Badegast pro Besuch. In 10 Jahren sind das 15 Mio. in 20 Jahren\u2026 naja k\u00f6nnen Sie sich sicher ja selbst ausrechnen, nicht enthalten sind die Steigerung der Energiekosten und umf\u00e4ngliche Reparaturen nach der langen Laufzeit. Gesch\u00e4tzt nochmal 15 Mio. obendrauf.<\/p>\n\n\n\n<p>Und jetzt zur\u00fcck zu Campus, netto 70 \u2013 80 Mio. ist uns die Zukunft unserer Kinder nicht wert? Ich kann das kaum glauben. Heruntergebrochen auf eine Laufzeit von 50 Jahren sind das eben auch 1,5 Mio. im Jahr, mal eben so \u00fcberschl\u00e4gig kalkuliert. Wir hatten es in den vergangenen Jahrzehnten in der Hand Priorit\u00e4ten f\u00fcr Bildung, Schule, bezahlbaren Wohnraum und eine klimafreundliche Stadt zu errichten.  Der damalige B\u00fcrgermeister und die ihn tragenden Parteien die diese Entscheidung h\u00e4tte treffen k\u00f6nnen, haben nicht gehandelt, nicht geliefert und daher haben \u00fcber 60% der W\u00e4hler bei der letzten Kommunalwahl den Wechsel mit Uwe Leuchtenberg und SPD, Gr\u00fcne und GUT gew\u00e4hlt. Dazugekommen ist die UWT.<\/p>\n\n\n\n<p>Es geht daher wieder was hier in T\u00f6nisvorst\u2026 so ist das, und am Ende bin ich zuversichtlich, wir bekommen das gemeinsam hin.<\/p>\n","protected":false},"excerpt":{"rendered":"<p>Es ist schade, dass eine Diskussion um die Zukunft der Schulen und der Stadt, kombiniert mit \u00f6kologischen Aspekten von neuen[&#8230;]<\/p>\n","protected":false},"author":4,"featured_media":1131,"comment_status":"closed","ping_status":"closed","sticky":false,"template":"","format":"standard","meta":{"footnotes":""},"categories":[3,5],"tags":[],"class_list":["post-1130","post","type-post","status-publish","format-standard","has-post-thumbnail","hentry","category-aktuelles","category-presse"],"_links":{"self":[{"href":"https:\/\/spd-toenisvorst.de\/index.php\/wp-json\/wp\/v2\/posts\/1130","targetHints":{"allow":["GET"]}}],"collection":[{"href":"https:\/\/spd-toenisvorst.de\/index.php\/wp-json\/wp\/v2\/posts"}],"about":[{"href":"https:\/\/spd-toenisvorst.de\/index.php\/wp-json\/wp\/v2\/types\/post"}],"author":[{"embeddable":true,"href":"https:\/\/spd-toenisvorst.de\/index.php\/wp-json\/wp\/v2\/users\/4"}],"replies":[{"embeddable":true,"href":"https:\/\/spd-toenisvorst.de\/index.php\/wp-json\/wp\/v2\/comments?post=1130"}],"version-history":[{"count":3,"href":"https:\/\/spd-toenisvorst.de\/index.php\/wp-json\/wp\/v2\/posts\/1130\/revisions"}],"predecessor-version":[{"id":1134,"href":"https:\/\/spd-toenisvorst.de\/index.php\/wp-json\/wp\/v2\/posts\/1130\/revisions\/1134"}],"wp:featuredmedia":[{"embeddable":true,"href":"https:\/\/spd-toenisvorst.de\/index.php\/wp-json\/wp\/v2\/media\/1131"}],"wp:attachment":[{"href":"https:\/\/spd-toenisvorst.de\/index.php\/wp-json\/wp\/v2\/media?parent=1130"}],"wp:term":[{"taxonomy":"category","embeddable":true,"href":"https:\/\/spd-toenisvorst.de\/index.php\/wp-json\/wp\/v2\/categories?post=1130"},{"taxonomy":"post_tag","embeddable":true,"href":"https:\/\/spd-toenisvorst.de\/index.php\/wp-json\/wp\/v2\/tags?post=1130"}],"curies":[{"name":"wp","href":"https:\/\/api.w.org\/{rel}","templated":true}]}}