{"id":1083,"date":"2021-12-17T16:58:33","date_gmt":"2021-12-17T14:58:33","guid":{"rendered":"https:\/\/spd-toenisvorst.de\/?p=1083"},"modified":"2021-12-17T16:58:33","modified_gmt":"2021-12-17T14:58:33","slug":"rats-buergerentscheid-zum-campus","status":"publish","type":"post","link":"https:\/\/spd-toenisvorst.de\/index.php\/2021\/12\/17\/rats-buergerentscheid-zum-campus\/","title":{"rendered":"Rats-B\u00fcrgerentscheid zum Campus"},"content":{"rendered":"\n<p>Die Fraktionen von Sozialdemokratischer Partei Deutschlands, B\u00fcndnis 90 \/ Die Gr\u00fcnen, Gemeinschaft unabh\u00e4ngiger T\u00f6nisvorster und Unabh\u00e4ngiger W\u00e4hlergemeinschaft T\u00f6nisvorst 2020 beantragen hiermit:<\/p>\n\n\n\n<p>Der Rat der Stadt beauftragt die Verwaltung mit einer umfassenden Pr\u00fcfung, in welcher Form die Entscheidung \u00fcber das Projekt \u201eCampus T\u00f6nisvorst\u201c bez\u00fcglich des Umgangs mit den Schulgeb\u00e4uden der Rupert-Neudeck-Gesamtschule, des Michael-Ende-Gymnasiums und der Schaffung von Klimasiedlungen f\u00fcr Ein- und Mehrfamilienh\u00e4user im Rahmen einer m\u00f6glichst breiten B\u00fcrgerbeteiligung in Form eines Rats-B\u00fcrgerentscheids durchgef\u00fchrt werden k\u00f6nnte. Eine entsprechende Vorlage ist dem Rat der Stadt in der Februar- \/ M\u00e4rz-Sitzung mit den Ergebnissen der durchgef\u00fchrten Workshops zur Entscheidung vorzulegen.<\/p>\n","protected":false},"excerpt":{"rendered":"<p>Die Fraktionen von Sozialdemokratischer Partei Deutschlands, B\u00fcndnis 90 \/ Die Gr\u00fcnen, Gemeinschaft unabh\u00e4ngiger T\u00f6nisvorster und Unabh\u00e4ngiger W\u00e4hlergemeinschaft T\u00f6nisvorst 2020 beantragen[&#8230;]<\/p>\n","protected":false},"author":4,"featured_media":1084,"comment_status":"closed","ping_status":"closed","sticky":false,"template":"","format":"standard","meta":{"footnotes":""},"categories":[3,5],"tags":[],"class_list":["post-1083","post","type-post","status-publish","format-standard","has-post-thumbnail","hentry","category-aktuelles","category-presse"],"_links":{"self":[{"href":"https:\/\/spd-toenisvorst.de\/index.php\/wp-json\/wp\/v2\/posts\/1083","targetHints":{"allow":["GET"]}}],"collection":[{"href":"https:\/\/spd-toenisvorst.de\/index.php\/wp-json\/wp\/v2\/posts"}],"about":[{"href":"https:\/\/spd-toenisvorst.de\/index.php\/wp-json\/wp\/v2\/types\/post"}],"author":[{"embeddable":true,"href":"https:\/\/spd-toenisvorst.de\/index.php\/wp-json\/wp\/v2\/users\/4"}],"replies":[{"embeddable":true,"href":"https:\/\/spd-toenisvorst.de\/index.php\/wp-json\/wp\/v2\/comments?post=1083"}],"version-history":[{"count":1,"href":"https:\/\/spd-toenisvorst.de\/index.php\/wp-json\/wp\/v2\/posts\/1083\/revisions"}],"predecessor-version":[{"id":1085,"href":"https:\/\/spd-toenisvorst.de\/index.php\/wp-json\/wp\/v2\/posts\/1083\/revisions\/1085"}],"wp:featuredmedia":[{"embeddable":true,"href":"https:\/\/spd-toenisvorst.de\/index.php\/wp-json\/wp\/v2\/media\/1084"}],"wp:attachment":[{"href":"https:\/\/spd-toenisvorst.de\/index.php\/wp-json\/wp\/v2\/media?parent=1083"}],"wp:term":[{"taxonomy":"category","embeddable":true,"href":"https:\/\/spd-toenisvorst.de\/index.php\/wp-json\/wp\/v2\/categories?post=1083"},{"taxonomy":"post_tag","embeddable":true,"href":"https:\/\/spd-toenisvorst.de\/index.php\/wp-json\/wp\/v2\/tags?post=1083"}],"curies":[{"name":"wp","href":"https:\/\/api.w.org\/{rel}","templated":true}]}}