{"id":1055,"date":"2021-10-25T17:35:56","date_gmt":"2021-10-25T15:35:56","guid":{"rendered":"https:\/\/spd-toenisvorst.de\/?p=1055"},"modified":"2021-10-25T17:35:56","modified_gmt":"2021-10-25T15:35:56","slug":"nach-der-wahl-ist-vor-der-wahl","status":"publish","type":"post","link":"https:\/\/spd-toenisvorst.de\/index.php\/2021\/10\/25\/nach-der-wahl-ist-vor-der-wahl\/","title":{"rendered":"Nach der Wahl ist vor der Wahl&#8230;"},"content":{"rendered":"\n<p>K\u00f6ln (dpa\/lnw) &#8211; Wenn an diesem Sonntag Landtagswahl w\u00e4re, w\u00fcrde die SPD laut einer repr\u00e4sentativen Umfrage st\u00e4rkste politische Kraft in Nordrhein-Westfalen werden. Die NRW-Sozialdemokraten k\u00e4men demnach auf 31 Prozent und damit auf ihren besten Umfrage-Wert seit der Landtagswahl 2017, berichtete das WDR-Magazin &#8222;Westpol&#8220; am Sonntag \u00fcber die Umfrage des Meinungsforschungsinstituts Infratest dimap.Die CDU kommt demnach auf 22 Prozent und verliert gegen\u00fcber dem vorherigen NRW-Trend von April 6 Punkte. Die Gr\u00fcnen erzielen bei der Sonntagsfrage ein Ergebnis von 17 Prozent. Die FDP kommt auf 13 Prozent. Die AfD liegt bei sieben Prozent, die Linke bei drei Prozent.<\/p>\n\n\n\n<p>Foto dpa<\/p>\n","protected":false},"excerpt":{"rendered":"<p>K\u00f6ln (dpa\/lnw) &#8211; Wenn an diesem Sonntag Landtagswahl w\u00e4re, w\u00fcrde die SPD laut einer repr\u00e4sentativen Umfrage st\u00e4rkste politische Kraft in[&#8230;]<\/p>\n","protected":false},"author":4,"featured_media":0,"comment_status":"closed","ping_status":"closed","sticky":false,"template":"","format":"standard","meta":{"footnotes":""},"categories":[3,5],"tags":[],"class_list":["post-1055","post","type-post","status-publish","format-standard","hentry","category-aktuelles","category-presse"],"_links":{"self":[{"href":"https:\/\/spd-toenisvorst.de\/index.php\/wp-json\/wp\/v2\/posts\/1055","targetHints":{"allow":["GET"]}}],"collection":[{"href":"https:\/\/spd-toenisvorst.de\/index.php\/wp-json\/wp\/v2\/posts"}],"about":[{"href":"https:\/\/spd-toenisvorst.de\/index.php\/wp-json\/wp\/v2\/types\/post"}],"author":[{"embeddable":true,"href":"https:\/\/spd-toenisvorst.de\/index.php\/wp-json\/wp\/v2\/users\/4"}],"replies":[{"embeddable":true,"href":"https:\/\/spd-toenisvorst.de\/index.php\/wp-json\/wp\/v2\/comments?post=1055"}],"version-history":[{"count":1,"href":"https:\/\/spd-toenisvorst.de\/index.php\/wp-json\/wp\/v2\/posts\/1055\/revisions"}],"predecessor-version":[{"id":1057,"href":"https:\/\/spd-toenisvorst.de\/index.php\/wp-json\/wp\/v2\/posts\/1055\/revisions\/1057"}],"wp:attachment":[{"href":"https:\/\/spd-toenisvorst.de\/index.php\/wp-json\/wp\/v2\/media?parent=1055"}],"wp:term":[{"taxonomy":"category","embeddable":true,"href":"https:\/\/spd-toenisvorst.de\/index.php\/wp-json\/wp\/v2\/categories?post=1055"},{"taxonomy":"post_tag","embeddable":true,"href":"https:\/\/spd-toenisvorst.de\/index.php\/wp-json\/wp\/v2\/tags?post=1055"}],"curies":[{"name":"wp","href":"https:\/\/api.w.org\/{rel}","templated":true}]}}