{"id":1044,"date":"2021-10-25T17:07:08","date_gmt":"2021-10-25T15:07:08","guid":{"rendered":"https:\/\/spd-toenisvorst.de\/?p=1044"},"modified":"2021-10-25T17:09:01","modified_gmt":"2021-10-25T15:09:01","slug":"mietpreisentwicklung-abremsen","status":"publish","type":"post","link":"https:\/\/spd-toenisvorst.de\/index.php\/2021\/10\/25\/mietpreisentwicklung-abremsen\/","title":{"rendered":"Mietpreisentwicklung abremsen"},"content":{"rendered":"\n<p>Die Mietpreisentwicklung in unserem Land ist katastrophal. Mehr als die H\u00e4lfte der Bev\u00f6lkerung ist betroffen. Denn \u00fcber 10 Mio. Menschen in NRW wohnen zur Miete. Wir wollen die desastr\u00f6se Entwicklung stoppen.<\/p>\n\n\n\n<p>Auch in T\u00f6nisvorst wollen wir bei neubaugebietren feste Quotierungen festlegen, das sit bereits so beschlossen!<\/p>\n","protected":false},"excerpt":{"rendered":"<p>Die Mietpreisentwicklung in unserem Land ist katastrophal. Mehr als die H\u00e4lfte der Bev\u00f6lkerung ist betroffen. Denn \u00fcber 10 Mio. Menschen[&#8230;]<\/p>\n","protected":false},"author":4,"featured_media":1047,"comment_status":"closed","ping_status":"closed","sticky":false,"template":"","format":"standard","meta":{"footnotes":""},"categories":[3],"tags":[],"class_list":["post-1044","post","type-post","status-publish","format-standard","has-post-thumbnail","hentry","category-aktuelles"],"_links":{"self":[{"href":"https:\/\/spd-toenisvorst.de\/index.php\/wp-json\/wp\/v2\/posts\/1044","targetHints":{"allow":["GET"]}}],"collection":[{"href":"https:\/\/spd-toenisvorst.de\/index.php\/wp-json\/wp\/v2\/posts"}],"about":[{"href":"https:\/\/spd-toenisvorst.de\/index.php\/wp-json\/wp\/v2\/types\/post"}],"author":[{"embeddable":true,"href":"https:\/\/spd-toenisvorst.de\/index.php\/wp-json\/wp\/v2\/users\/4"}],"replies":[{"embeddable":true,"href":"https:\/\/spd-toenisvorst.de\/index.php\/wp-json\/wp\/v2\/comments?post=1044"}],"version-history":[{"count":1,"href":"https:\/\/spd-toenisvorst.de\/index.php\/wp-json\/wp\/v2\/posts\/1044\/revisions"}],"predecessor-version":[{"id":1046,"href":"https:\/\/spd-toenisvorst.de\/index.php\/wp-json\/wp\/v2\/posts\/1044\/revisions\/1046"}],"wp:featuredmedia":[{"embeddable":true,"href":"https:\/\/spd-toenisvorst.de\/index.php\/wp-json\/wp\/v2\/media\/1047"}],"wp:attachment":[{"href":"https:\/\/spd-toenisvorst.de\/index.php\/wp-json\/wp\/v2\/media?parent=1044"}],"wp:term":[{"taxonomy":"category","embeddable":true,"href":"https:\/\/spd-toenisvorst.de\/index.php\/wp-json\/wp\/v2\/categories?post=1044"},{"taxonomy":"post_tag","embeddable":true,"href":"https:\/\/spd-toenisvorst.de\/index.php\/wp-json\/wp\/v2\/tags?post=1044"}],"curies":[{"name":"wp","href":"https:\/\/api.w.org\/{rel}","templated":true}]}}